{"id":6829,"date":"2025-02-24T12:52:59","date_gmt":"2025-02-24T10:52:59","guid":{"rendered":"https:\/\/www.comune.sestri-levante.ge.it\/?post_type=notizia&#038;p=6829"},"modified":"2025-02-24T12:52:59","modified_gmt":"2025-02-24T10:52:59","slug":"marciapiede-in-viale-dante-la-giunta-solinas-approva-il-progetto-per-la-riqualificazione","status":"publish","type":"notizia","link":"https:\/\/www.comune.sestri-levante.ge.it\/novita\/marciapiede-in-viale-dante-la-giunta-solinas-approva-il-progetto-per-la-riqualificazione\/","title":{"rendered":"Marciapiede in viale Dante, la Giunta Solinas approva il progetto per la riqualificazione"},"author":7,"featured_media":0,"template":"","argomenti":[62],"tipi_notizia":[601],"class_list":["post-6829","notizia","type-notizia","status-publish","hentry","argomenti-zone-pedonali","tipi_notizia-comunicati"],"_edit_lock":"1740394248:7","_edit_last":"7","_dci_notizia_a_cura_di":["3348"],"_dci_notizia_immagine_id":"6830","_dci_notizia_immagine":"https:\/\/www.comune.sestri-levante.ge.it\/wp-content\/uploads\/2025\/02\/viale-Dante.jpeg","_dci_notizia_descrizione_breve":"L\u2019intervento sar\u00e0 presentato a Regione Liguria per ottenere finanziamenti e l\u2019inserimento nella programmazione regionale degli interventi infrastrutturali dedicati alla viabilit\u00e0 e alla mobilit\u00e0 ciclistica","_dci_notizia_testo_completo":"La Giunta Solinas ha recentemente approvato il progetto per il rifacimento del marciapiede di viale Dante nel tratto compreso tra Traversa di Viale Dante e l\u2019incrocio con Via Nazionale, situato nel cuore del centro cittadino. L\u2019intervento, considerato strategico per il miglioramento della viabilit\u00e0 nel territorio comunale di Sestri Levante, sar\u00e0 presentato a Regione Liguria per ottenere finanziamenti e l\u2019inserimento nella programmazione regionale degli interventi infrastrutturali dedicati alla viabilit\u00e0 e alla mobilit\u00e0 ciclistica.\r\n<blockquote>\u201cL\u2019area oggetto del progetto presenta diverse criticit\u00e0 a causa delle radici affioranti dei pini domestici che ormai da anni incidono sulla sicurezza dei pedoni e l\u2019estetica dell\u2019area - evidenzia il sindaco <strong>Francesco Solinas<\/strong> -. La sede stradale presenta inoltre diversi e discontinui rappezzi, caratterizzati da cavillature e cedimenti strutturali. Naturalmente gli interventi progettati saranno realizzati nel pieno rispetto della salvaguardia degli alberi presenti - assicura il sindaco Solinas-. Pur essendo condizionati dalle pavimentazioni circostanti, i pini della zona risultano in buono stato di salute e privi di segni di patologie o instabilit\u00e0, sebbene alcuni si mostrino inclinati\u201d.<\/blockquote>\r\nL\u2019intervento prevede il rifacimento della pavimentazione del marciapiede, della pista ciclo-pedonale, il ripristino della pavimentazione stradale in asfalto e della sottostante massicciata, la realizzazione di aiuole con dimensioni adeguate per la corretta circolazione delle radici degli alberi esistenti, l\u2019eliminazione dell\u2019isola spartitraffico e sua trasformazione in area di parcheggio, il riordino del sistema di parcheggi esistenti, che verranno tutti realizzati in linea e l\u2019incremento della sicurezza dei pedoni con predisposizione dell\u2019illuminazione dedicata agli attraversamenti pedonali.\r\n<blockquote>\"Il costo totale dell\u2019intervento \u00e8 di 280 mila euro e proprio nella giornata di gioved\u00ec 20 febbraio abbiamo fatto un incontro con la direzione infrastrutture di Regione Liguria per valutare la disponibilit\u00e0 dell'ente a finanziare il progetto con il quale confermiamo il nostro impegno nella riqualificazione urbana e nella sicurezza stradale, assicurando una maggiore fruibilit\u00e0 degli spazi pubblici a beneficio di cittadini e visitatori\u201d, conclude Solinas.<\/blockquote>","_dci_notizia_data_pubblicazione":"1740355200","_dci_notizia_data_scadenza":"","_dci_notizia_allegati":"","_wp_old_slug":"","_dci_notizia_luoghi":"","_dci_notizia_persone":["2085"],"_fgj2wp_old_id":"","_dci_notizia_numero_comunicato":"","_dci_notizia_multimedia":"","_links":{"self":[{"href":"https:\/\/www.comune.sestri-levante.ge.it\/api\/wp\/v2\/notizia\/6829","targetHints":{"allow":["GET"]}}],"collection":[{"href":"https:\/\/www.comune.sestri-levante.ge.it\/api\/wp\/v2\/notizia"}],"about":[{"href":"https:\/\/www.comune.sestri-levante.ge.it\/api\/wp\/v2\/types\/notizia"}],"author":[{"embeddable":true,"href":"https:\/\/www.comune.sestri-levante.ge.it\/api\/wp\/v2\/users\/7"}],"wp:attachment":[{"href":"https:\/\/www.comune.sestri-levante.ge.it\/api\/wp\/v2\/media?parent=6829"}],"wp:term":[{"taxonomy":"argomenti","embeddable":true,"href":"https:\/\/www.comune.sestri-levante.ge.it\/api\/wp\/v2\/argomenti?post=6829"},{"taxonomy":"tipi_notizia","embeddable":true,"href":"https:\/\/www.comune.sestri-levante.ge.it\/api\/wp\/v2\/tipi_notizia?post=6829"}],"curies":[{"name":"wp","href":"https:\/\/api.w.org\/{rel}","templated":true}]}}