{"id":6787,"date":"2025-02-15T19:41:13","date_gmt":"2025-02-15T17:41:13","guid":{"rendered":"https:\/\/www.comune.sestri-levante.ge.it\/?post_type=notizia&#038;p=6787"},"modified":"2025-02-15T19:41:13","modified_gmt":"2025-02-15T17:41:13","slug":"andersen-festival-duccio-forzano-e-il-direttore-artistico-della-28a-edizione","status":"publish","type":"notizia","link":"https:\/\/www.comune.sestri-levante.ge.it\/novita\/andersen-festival-duccio-forzano-e-il-direttore-artistico-della-28a-edizione\/","title":{"rendered":"Andersen Festival, Duccio Forzano \u00e8 il direttore artistico della 28\u00aa edizione"},"author":7,"featured_media":0,"template":"","argomenti":[59],"tipi_notizia":[601],"class_list":["post-6787","notizia","type-notizia","status-publish","hentry","argomenti-turismo","tipi_notizia-comunicati"],"_edit_lock":"1739641137:7","_edit_last":"7","_dci_notizia_a_cura_di":["3348"],"_dci_notizia_immagine_id":"6788","_dci_notizia_immagine":"https:\/\/www.comune.sestri-levante.ge.it\/wp-content\/uploads\/2025\/02\/Andersen-Duccio.jpg","_dci_notizia_descrizione_breve":"Presentato oggi, sabato 15 febbraio, a Casa Sanremo ","_dci_notizia_testo_completo":"A giugno torna l\u2019Andersen Festival. Sestri Levante dal 5 al 8 giugno accoglier\u00e0 la 28\u00aa edizione della kermesse che, dal 1997, chiama a raccolta musicisti, scrittori, cantanti e intellettuali nelle piazze cittadine e sull'iconico palco sul mare della Baia del Silenzio.\r\n\r\nUn festival direttamente collegato e nato in seno al Premio Andersen \u2013 Baia delle Favole, il premio dedicato alle fiabe inedite, vero e proprio spunto di creativit\u00e0 e immaginazione per persone di ogni et\u00e0 nato nel 1967, che negli anni \u00e8 divenuto punto di riferimento nel mondo della letteratura per bambini e ragazzi, inserendosi tra i concorsi letterari pi\u00f9 longevi d\u2019Italia, quest\u2019anno alla 58\u00b0edizione.\r\n\r\nLa 28\u00aa edizione di Andersen Festival vedr\u00e0 la direzione artistica di<strong> Duccio Forzano<\/strong>, popolarissimo regista televisivo e teatrale, con alle spalle ben sei edizioni del Festival di Sanremo. Un\u2019importante linea di prosecuzione per Forzano, che da un festival canoro sempre pi\u00f9 aperto e che dialoga con il mondo dei giovani, pone il suo occhio esperto su una kermesse dedicata ai pi\u00f9 piccoli, ma che col tempo ha abbracciato un pubblico eterogeneo.\r\nDuccio Forzano, genovese di nascita, noto per il suo approccio creativo e per la capacit\u00e0 di trasformare ogni progetto in un\u2019esperienza unica, guider\u00e0 la programmazione artistica del Festival Andersen con l\u2019obiettivo di esplorare nuove forme di linguaggio visivo e di coinvolgere un pubblico sempre pi\u00f9 vasto e diversificato, con un occhio attento al mondo dell\u2019infanzia. La sua esperienza pluriennale, che oltre alla regia di numerosi programmi televisivi di successo abbraccia il mondo dei concerti e dei documentari, rappresenta un valore aggiunto per il team di lavoro.\r\n\r\nAndersen Festival, uno dei pochi festival multidisciplinari in Italia, per la sua complessit\u00e0 e diversificazione delle arti coinvolte che vanno dal Teatro alla Danza alla Musica e al Circo, si avvarr\u00e0 di un\u2019altra figura di grandi capacit\u00e0 organizzative, scelta proprio dal regista per affiancarlo nella realizzazione di questo ambizioso progetto: <strong>Davide Paganini<\/strong>, cresciuto a Sestri Levante, nella frazione di Riva.\r\nDavide \u00e8 un affermato attore e organizzatore di rassegne teatrali che, da oltre vent'anni ha scelto di vivere a Roma per inseguire il suo sogno e dedicarsi alla recitazione. Il suo legame con le sue radici locali tuttavia, \u00e8 sempre rimasto forte, e il suo apporto si riveler\u00e0 prezioso per il futuro del percorso artistico del festival.\r\n\r\nL\u2019organizzazione e la gestione dell'Andersen Festival \u2013 che, negli anni, ha ricevuto la Medaglia del Presidente della Repubblica e il prestigioso Hans Christian Andersen Award, assegnato in Danimarca agli eventi nel mondo che si distinguono per la loro qualit\u00e0 e per l\u2019opera di promozione dedicata al celebre favolista danese \u2013 sar\u00e0 affidata a Mediaterraneo Servizi, societ\u00e0 in-house dell'Amministrazione Comunale di Sestri Levante.\r\n<blockquote>\u201cSono felice di iniziare questa nuova avventura che firmer\u00f2, come Direttore Artistico, per il prossimo triennio. Ho scelto di creare un tema dedicato al \u201cTempo\u201d, perch\u00e9, come ha dichiarato S. Agostino, \u201cMisuro il tempo, lo so, ma non misuro il futuro, perch\u00e9 non \u00e8 ancora; n\u00e9 misuro il presente perch\u00e9 non ha estensione alcuna; n\u00e9 misuro il passato perch\u00e9 non \u00e8 pi\u00f9\u201d. Il tempo non si ferma, noi viviamo di ricordi e chi pi\u00f9 dei bambini pu\u00f2 rappresentarlo?\r\nL\u2019obiettivo, insieme a Davide Paganini, \u00e8 quello di alzare l\u2019asticella!\u201d\r\n\r\n\u201cA nome dell\u2019intera Amministrazione, esprimo grande soddisfazione per l\u2019assegnazione della Direzione Artistica dell\u2019Andersen Festival a Duccio Forzano. Un professionista di altissimo livello, con un'esperienza straordinaria ed entusiasta di portare a Sestri Levante il suo talento per guidare il nostro Festival che quest'anno, pur restando fedele alla sua tradizione legata all\u2019infanzia, sapr\u00e0 rinnovarsi profondamente, offrendo nuovo slancio culturale alla citt\u00e0 e al Tigullio\u201d, commenta il sindaco di Sestri Levante, <strong>Francesco Solinas<\/strong>.\r\n\r\n\"La squadra capitanata da Duccio Forzano e supportata da Mediaterraneo Servizi con la stretta collaborazione del Comune di Sestri Levante sono certo che sar\u00e0 in grado di portare l'Andersen Festival a nuovi importanti traguardi\", dichiara l'Amministratore Unico di Mediaterraneo Servizi, <strong>Federico Squeri<\/strong>.\r\n\r\n\"Questa nuova sfida mi entusiasma e sprona me e il mio team a metterci in gioco. La collaborazione con Duccio Forzano rappresenta per Mediaterraneo Servizi un'opportunit\u00e0 per crescere, guidati da un professionista talentuoso e innovativo, unico nel suo genere\u201d, dichiara il Direttore Operativo di Mediaterraneo Servizi, <strong>Camilla Capozzi<\/strong>.<\/blockquote>","_dci_notizia_data_pubblicazione":"1739577600","_dci_notizia_data_scadenza":"","_dci_notizia_allegati":"","_wp_old_slug":"","_dci_notizia_luoghi":"","_dci_notizia_persone":["2085","2091"],"_fgj2wp_old_id":"","_dci_notizia_numero_comunicato":"","_dci_notizia_multimedia":"","_links":{"self":[{"href":"https:\/\/www.comune.sestri-levante.ge.it\/api\/wp\/v2\/notizia\/6787","targetHints":{"allow":["GET"]}}],"collection":[{"href":"https:\/\/www.comune.sestri-levante.ge.it\/api\/wp\/v2\/notizia"}],"about":[{"href":"https:\/\/www.comune.sestri-levante.ge.it\/api\/wp\/v2\/types\/notizia"}],"author":[{"embeddable":true,"href":"https:\/\/www.comune.sestri-levante.ge.it\/api\/wp\/v2\/users\/7"}],"wp:attachment":[{"href":"https:\/\/www.comune.sestri-levante.ge.it\/api\/wp\/v2\/media?parent=6787"}],"wp:term":[{"taxonomy":"argomenti","embeddable":true,"href":"https:\/\/www.comune.sestri-levante.ge.it\/api\/wp\/v2\/argomenti?post=6787"},{"taxonomy":"tipi_notizia","embeddable":true,"href":"https:\/\/www.comune.sestri-levante.ge.it\/api\/wp\/v2\/tipi_notizia?post=6787"}],"curies":[{"name":"wp","href":"https:\/\/api.w.org\/{rel}","templated":true}]}}