{"id":6567,"date":"2025-01-14T11:41:31","date_gmt":"2025-01-14T09:41:31","guid":{"rendered":"https:\/\/www.comune.sestri-levante.ge.it\/?post_type=notizia&#038;p=6567"},"modified":"2025-01-14T11:45:03","modified_gmt":"2025-01-14T09:45:03","slug":"tra-musica-psichiatria-e-sport-conclusa-con-successo-la-prima-edizione-della-rassegna-culturale-silenzio-idee-parole-creativita","status":"publish","type":"notizia","link":"https:\/\/www.comune.sestri-levante.ge.it\/novita\/tra-musica-psichiatria-e-sport-conclusa-con-successo-la-prima-edizione-della-rassegna-culturale-silenzio-idee-parole-creativita\/","title":{"rendered":"Tra musica, psichiatria e sport: conclusa con successo la prima edizione della rassegna culturale &#8220;Silenzio \u2013 Idee, Parole, Creativit\u00e0&#8221;"},"author":7,"featured_media":0,"template":"","argomenti":[56],"tipi_notizia":[601],"class_list":["post-6567","notizia","type-notizia","status-publish","hentry","argomenti-tempo-libero","tipi_notizia-comunicati"],"_edit_lock":"1736847807:7","_edit_last":"7","_dci_notizia_a_cura_di":["67"],"_dci_notizia_immagine_id":"6568","_dci_notizia_immagine":"https:\/\/www.comune.sestri-levante.ge.it\/wp-content\/uploads\/2025\/01\/ROSSO.jpeg","_dci_notizia_descrizione_breve":"Tre serate, tre prospettive, un unico grande insegnamento: il silenzio non \u00e8 mai vuoto, ma \u00e8 sempre uno spazio che pu\u00f2 trasformarsi in occasione di ascolto, crescita e cambiamento","_dci_notizia_testo_completo":"Con la serata di domenica 12 gennaio, si \u00e8 conclusa la prima serie di incontri della nuova rassegna culturale \"Silenzio \u2013 Idee, Parole, Creativit\u00e0\", organizzata dal Comune di Sestri Levante con il supporto tecnico di Mediaterraneo Servizi. Le tre serate, a ingresso libero e gratuito, si sono rivolte in particolare ai giovani, rappresentando un\u2019importante occasione di intrattenimento e approfondimento culturale, stimolando soprattutto riflessioni e creativit\u00e0.\r\n\r\nLa rassegna culturale si \u00e8 aperta gioved\u00ec 7 novembre con una serata carica di emozioni e note vibranti, grazie alla partecipazione del musicista e cantautore Alberto Bianco. Presentato dal giornalista Claudio Cabona, Bianco ha condiviso il cuore della sua carriera artistica, raccontando collaborazioni di spicco e riflettendo sul panorama della musica indipendente in Italia. Il pubblico \u00e8 stato rapito dalla sua performance live, in cui la sua chitarra ha trasformato il silenzio in pura melodia, dando voce a pensieri ed emozioni che spesso trovano rifugio proprio nell\u2019assenza di parole.\r\n\r\nMercoled\u00ec 18 dicembre, il silenzio ha assunto una valenza pi\u00f9 introspettiva durante l'incontro con il medico psichiatra Valerio Rosso, introdotto da Maria Diletta Demartini, direttrice sociale del Distretto Socio Sanitario n.16. Al centro della serata, temi di grande attualit\u00e0 come salute mentale, dipendenze e benessere psicofisico, affrontati con una chiarezza che ha conquistato la platea. Un dialogo aperto e partecipato ha reso l\u2019evento unico, trasformando il pubblico in parte attiva della discussione e regalando a ciascuno spunti di riflessione preziosi su questioni tanto complesse quanto fondamentali.\r\n\r\nIl gran finale, domenica 12 gennaio, ha visto come protagonista Silvia Salis, vicepresidente vicario del CONI, introdotta dal giornalista Matteo Macor. Con il suo intervento ispirato e carismatico, Salis ha sottolineato l\u2019importanza dello sport come motore di crescita culturale e sociale. Ha posto l\u2019accento sulla necessit\u00e0 di abbattere le barriere del silenzio, spesso sinonimo di disinteresse verso le politiche sportive, promuovendo al contempo accessibilit\u00e0, inclusivit\u00e0 e parit\u00e0 di genere per costruire un futuro pi\u00f9 equo e partecipativo.\r\n\r\nFil rouge delle tre serate il silenzio che \u00e8 stato esplorato in tutte le sue sfumature. Per Alberto Bianco, il silenzio \u00e8 uno spazio creativo, un momento di riflessione artistica capace di trasformarsi in arte. Con Valerio Rosso, il silenzio ha rivelato il suo duplice volto: da una parte il disagio e l\u2019isolamento, dall\u2019altra una condizione necessaria per il benessere mentale. Silvia Salis, infine, ha interpretato il silenzio come una sfida da superare, affinch\u00e9 la societ\u00e0 possa affrontare con coraggio il cambiamento culturale necessario per rendere lo sport un diritto accessibile a tutti.\r\n\r\n&nbsp;\r\n<blockquote>\u00ab\"Silenzio \u2013 Idee, Parole, Creativit\u00e0\" dimostra come momenti di dialogo e confronto possano arricchire la comunit\u00e0, lasciando spazio a nuove idee per il futuro. Giunti al termine di questa prima edizione, desidero ringraziare Gilberto \u201cGillo\u201d Garibotto ed Edoardo Giribaldi, co-ideatori della Rassegna, per la preziosa collaborazione e realizzazione degli eventi, l\u2019Amministrazione comunale per il sostegno e l\u2019organizzazione, Mediaterraneo Servizi e, in particolare, Andrea Garibaldi per il supporto tecnico. Un ringraziamento speciale va a tutti gli ospiti e presentatori di tutti gli appuntamenti, desidero ringraziare anche Andrea Casciu, l'artista che ha curato la grafica, le cui immagini evocative, unite alle parole degli ospiti, hanno saputo ispirare la creativit\u00e0 e dare vita a nuove idee a coloro che con interesse hannos seguito la rassegna. A Sestri Levante, iniziative come questa rappresentano un\u2019importante occasione di crescita culturale e collettiva. L\u2019obiettivo sar\u00e0 quello di continuare a migliorare, proponendo eventi sempre pi\u00f9 significativi e coinvolgenti\u00bb, commenta il consigliere comunale alle Politiche Giovanili, <strong>Leonardo Sanguineti<\/strong>.<\/blockquote>","_dci_notizia_data_pubblicazione":"","_dci_notizia_data_scadenza":"","_dci_notizia_allegati":"","_wp_old_slug":"","_dci_notizia_luoghi":["5967"],"_dci_notizia_persone":"","_fgj2wp_old_id":"","_dci_notizia_numero_comunicato":"","_dci_notizia_multimedia":{"6569":"https:\/\/www.comune.sestri-levante.ge.it\/wp-content\/uploads\/2025\/01\/BIANCO-1.jpeg","6570":"https:\/\/www.comune.sestri-levante.ge.it\/wp-content\/uploads\/2025\/01\/BIANCO-2.jpeg","6571":"https:\/\/www.comune.sestri-levante.ge.it\/wp-content\/uploads\/2025\/01\/BIANCO-3.jpeg","6572":"https:\/\/www.comune.sestri-levante.ge.it\/wp-content\/uploads\/2025\/01\/BIANCO-4.jpeg","6574":"https:\/\/www.comune.sestri-levante.ge.it\/wp-content\/uploads\/2025\/01\/ROSSO-1.jpeg","6575":"https:\/\/www.comune.sestri-levante.ge.it\/wp-content\/uploads\/2025\/01\/ROSSO-2.jpeg","6576":"https:\/\/www.comune.sestri-levante.ge.it\/wp-content\/uploads\/2025\/01\/ROSSO-3.jpeg","6577":"https:\/\/www.comune.sestri-levante.ge.it\/wp-content\/uploads\/2025\/01\/ROSSO-4.jpeg","6578":"https:\/\/www.comune.sestri-levante.ge.it\/wp-content\/uploads\/2025\/01\/SALIS-1.jpeg","6580":"https:\/\/www.comune.sestri-levante.ge.it\/wp-content\/uploads\/2025\/01\/SALIS-3.jpeg","6581":"https:\/\/www.comune.sestri-levante.ge.it\/wp-content\/uploads\/2025\/01\/SALIS-4.jpeg"},"_links":{"self":[{"href":"https:\/\/www.comune.sestri-levante.ge.it\/api\/wp\/v2\/notizia\/6567","targetHints":{"allow":["GET"]}}],"collection":[{"href":"https:\/\/www.comune.sestri-levante.ge.it\/api\/wp\/v2\/notizia"}],"about":[{"href":"https:\/\/www.comune.sestri-levante.ge.it\/api\/wp\/v2\/types\/notizia"}],"author":[{"embeddable":true,"href":"https:\/\/www.comune.sestri-levante.ge.it\/api\/wp\/v2\/users\/7"}],"wp:attachment":[{"href":"https:\/\/www.comune.sestri-levante.ge.it\/api\/wp\/v2\/media?parent=6567"}],"wp:term":[{"taxonomy":"argomenti","embeddable":true,"href":"https:\/\/www.comune.sestri-levante.ge.it\/api\/wp\/v2\/argomenti?post=6567"},{"taxonomy":"tipi_notizia","embeddable":true,"href":"https:\/\/www.comune.sestri-levante.ge.it\/api\/wp\/v2\/tipi_notizia?post=6567"}],"curies":[{"name":"wp","href":"https:\/\/api.w.org\/{rel}","templated":true}]}}