{"id":6150,"date":"2024-08-31T14:04:34","date_gmt":"2024-08-31T13:04:34","guid":{"rendered":"https:\/\/www.comune.sestri-levante.ge.it\/?post_type=notizia&#038;p=6150"},"modified":"2024-08-31T14:04:34","modified_gmt":"2024-08-31T13:04:34","slug":"al-via-le-asfaltature-in-via-nazionale-le-modifiche-alla-viabilita","status":"publish","type":"notizia","link":"https:\/\/www.comune.sestri-levante.ge.it\/novita\/al-via-le-asfaltature-in-via-nazionale-le-modifiche-alla-viabilita\/","title":{"rendered":"Al via le asfaltature in via Nazionale, le modifiche alla viabilit\u00e0"},"author":7,"featured_media":0,"template":"","argomenti":[],"tipi_notizia":[600],"class_list":["post-6150","notizia","type-notizia","status-publish","hentry","tipi_notizia-notizie"],"_edit_lock":"1725109334:7","_edit_last":"7","_dci_notizia_a_cura_di":["67"],"_dci_notizia_immagine_id":"6151","_dci_notizia_immagine":"https:\/\/www.comune.sestri-levante.ge.it\/wp-content\/uploads\/2024\/08\/Via-nazionale-scaled.jpg","_dci_notizia_descrizione_breve":"A partire da luned\u00ec 2 settembre","_dci_notizia_testo_completo":"Asfaltature a Sestri Levante, da luned\u00ec 2 settembre al via i lavori in via Nazionale, nel tratto compreso tra l\u2019intersezione con via Dante Sedini e quella con via Volta.\r\n\r\n<strong>Le modifiche alla viabilit\u00e0<\/strong>\r\n\r\nDa luned\u00ec 2 a venerd\u00ec 6 settembre, dalle 8 alle 17, divieto di transito per tutti i veicoli, tranne quelli in servizio d\u2019emergenza.\r\n\r\nDa luned\u00ec 2 a venerd\u00ec 6 e da luned\u00ec 9 a marted\u00ec 10 settembre, dalle 8 alle 18, divieto di sosta con rimozione forzata.\r\n\r\nLa strada rimarr\u00e0 aperta al transito veicolare dalle 17 alle 8 del mattino successivo.\r\n\r\n<strong>I prossimi interventi<\/strong>\r\n\r\nLe asfaltature proseguiranno anche la settimana successiva:\r\n<ul>\r\n \t<li>nel tratto compreso tra il civ. 133 e piazza S. Antonio<\/li>\r\n \t<li>in via Traversaro dall\u2019incrocio con via Nazionale ed il civ. 14<\/li>\r\n \t<li>in via Fico dall\u2019incrocio con via Nazionale a quello con via Caduti Partigiani<\/li>\r\n<\/ul>\r\nDa luned\u00ec 9 a venerd\u00ec 13 settembre, dalle 8 alle 17 divieto di transito per tutti i veicoli, tranne quelli in servizio d\u2019emergenza.\r\n\r\nDa luned\u00ec 9 a venerd\u00ec 13 e da luned\u00ec 16 a marted\u00ec 17 settembre dalle 8 alle 18 divieto di sosta con rimozione forzata.","_dci_notizia_data_pubblicazione":"","_dci_notizia_data_scadenza":"","_dci_notizia_allegati":"","_wp_old_slug":"","_dci_notizia_luoghi":"","_dci_notizia_persone":"","_fgj2wp_old_id":"","_dci_notizia_numero_comunicato":"","_dci_notizia_multimedia":"","_links":{"self":[{"href":"https:\/\/www.comune.sestri-levante.ge.it\/api\/wp\/v2\/notizia\/6150","targetHints":{"allow":["GET"]}}],"collection":[{"href":"https:\/\/www.comune.sestri-levante.ge.it\/api\/wp\/v2\/notizia"}],"about":[{"href":"https:\/\/www.comune.sestri-levante.ge.it\/api\/wp\/v2\/types\/notizia"}],"author":[{"embeddable":true,"href":"https:\/\/www.comune.sestri-levante.ge.it\/api\/wp\/v2\/users\/7"}],"wp:attachment":[{"href":"https:\/\/www.comune.sestri-levante.ge.it\/api\/wp\/v2\/media?parent=6150"}],"wp:term":[{"taxonomy":"argomenti","embeddable":true,"href":"https:\/\/www.comune.sestri-levante.ge.it\/api\/wp\/v2\/argomenti?post=6150"},{"taxonomy":"tipi_notizia","embeddable":true,"href":"https:\/\/www.comune.sestri-levante.ge.it\/api\/wp\/v2\/tipi_notizia?post=6150"}],"curies":[{"name":"wp","href":"https:\/\/api.w.org\/{rel}","templated":true}]}}