{"id":6069,"date":"2024-08-08T13:04:01","date_gmt":"2024-08-08T12:04:01","guid":{"rendered":"https:\/\/www.comune.sestri-levante.ge.it\/?post_type=notizia&#038;p=6069"},"modified":"2024-08-08T13:04:01","modified_gmt":"2024-08-08T12:04:01","slug":"8-agosto-giornata-nazionale-del-sacrificio-del-lavoro-italiano-nel-mondo","status":"publish","type":"notizia","link":"https:\/\/www.comune.sestri-levante.ge.it\/novita\/8-agosto-giornata-nazionale-del-sacrificio-del-lavoro-italiano-nel-mondo\/","title":{"rendered":"8 agosto, Giornata nazionale del sacrificio del lavoro italiano nel mondo"},"author":7,"featured_media":0,"template":"","argomenti":[14],"tipi_notizia":[601],"class_list":["post-6069","notizia","type-notizia","status-publish","hentry","argomenti-comunicazione-istituzionale","tipi_notizia-comunicati"],"_edit_lock":"1723118617:7","_edit_last":"7","_dci_notizia_a_cura_di":["67"],"_dci_notizia_immagine_id":"6070","_dci_notizia_immagine":"https:\/\/www.comune.sestri-levante.ge.it\/wp-content\/uploads\/2024\/08\/8-AGOSTO.jpeg","_dci_notizia_descrizione_breve":"L'Amministrazione comunale di Sestri Levante nel ricordo della tragedia di Marcinelle dell'8 agosto 1956","_dci_notizia_testo_completo":"Oggi, gioved\u00ec 8 agosto, si celebra in tutta Italia la \"Giornata del sacrificio del lavoro italiano nel mondo\". Questa ricorrenza \u00e8 stata istituita per onorare la memoria di tutti i lavoratori italiani emigrati che hanno perso la vita nell'esercizio della propria professione, spesso in condizioni di lavoro difficili e pericolose.\r\n\r\n&nbsp;\r\n\r\nLa scelta della data non \u00e8 casuale: l'8 agosto ricorda l'anniversario della tragica sciagura mineraria di Marcinelle, avvenuta in Belgio nel 1956. In quella terribile occasione, un incendio scoppi\u00f2 nella miniera di carbone Bois du Cazier, causando la morte di 262 minatori, tra cui 136 italiani. Questo evento simbolizza il sacrificio e il contributo dei lavoratori italiani emigrati nel mondo, che hanno spesso affrontato grandi rischi per costruire un futuro migliore per s\u00e9 stessi e le loro famiglie.\r\n\r\n&nbsp;\r\n\r\nLa \"Giornata del sacrificio del lavoro italiano nel mondo\" vuole essere non solo un momento di ricordo e commemorazione, ma anche un'occasione per riflettere sull'importanza della sicurezza sul lavoro e sui diritti dei lavoratori ovunque essi si trovino. \u00c8 un giorno per riconoscere il valore del lavoro italiano all'estero e per onorare tutti coloro che, con il loro impegno e sacrificio, hanno contribuito allo sviluppo economico e sociale dei paesi in cui hanno lavorato.\r\n<p style=\"font-weight: 400\"><\/p>\r\n\r\n<blockquote>\r\n<p style=\"font-weight: 400\">\"A 68 anni dalla tragedia di Marcinelle, le questioni legate alla sicurezza sul lavoro rimangono un tema di cruciale importanza. Un ambiente di lavoro sicuro \u00e8 un diritto fondamentale per ogni lavoratore, influenzando non solo la salute fisica degli individui coinvolti, ma anche il benessere psicologico dell'intera comunit\u00e0. \u00c8 essenziale non dimenticare i sacrifici del passato per garantire un futuro pi\u00f9 sicuro e giusto per tutti\", commenta l'assessore alla Cultura, <strong>Maura Caleffi<\/strong>.<\/p>\r\n<\/blockquote>\r\n&nbsp;\r\n\r\n<span style=\"font-weight: 400\">\u00a0<\/span>\r\n<p style=\"font-weight: 400\">Sestri Levante, 8 agosto 2024<\/p>","_dci_notizia_data_pubblicazione":"1723075200","_dci_notizia_data_scadenza":"1723248000","_dci_notizia_allegati":"","_wp_old_slug":"","_dci_notizia_luoghi":"","_dci_notizia_persone":["2089"],"_fgj2wp_old_id":"","_dci_notizia_numero_comunicato":"","_dci_notizia_multimedia":"","_links":{"self":[{"href":"https:\/\/www.comune.sestri-levante.ge.it\/api\/wp\/v2\/notizia\/6069","targetHints":{"allow":["GET"]}}],"collection":[{"href":"https:\/\/www.comune.sestri-levante.ge.it\/api\/wp\/v2\/notizia"}],"about":[{"href":"https:\/\/www.comune.sestri-levante.ge.it\/api\/wp\/v2\/types\/notizia"}],"author":[{"embeddable":true,"href":"https:\/\/www.comune.sestri-levante.ge.it\/api\/wp\/v2\/users\/7"}],"wp:attachment":[{"href":"https:\/\/www.comune.sestri-levante.ge.it\/api\/wp\/v2\/media?parent=6069"}],"wp:term":[{"taxonomy":"argomenti","embeddable":true,"href":"https:\/\/www.comune.sestri-levante.ge.it\/api\/wp\/v2\/argomenti?post=6069"},{"taxonomy":"tipi_notizia","embeddable":true,"href":"https:\/\/www.comune.sestri-levante.ge.it\/api\/wp\/v2\/tipi_notizia?post=6069"}],"curies":[{"name":"wp","href":"https:\/\/api.w.org\/{rel}","templated":true}]}}