{"id":5794,"date":"2024-06-19T15:33:26","date_gmt":"2024-06-19T14:33:26","guid":{"rendered":"https:\/\/www.comune.sestri-levante.ge.it\/?post_type=notizia&#038;p=5794"},"modified":"2024-06-19T15:33:26","modified_gmt":"2024-06-19T14:33:26","slug":"approvati-il-nuovo-regolamento-tari-e-le-tariffe-per-il-2024","status":"publish","type":"notizia","link":"https:\/\/www.comune.sestri-levante.ge.it\/novita\/approvati-il-nuovo-regolamento-tari-e-le-tariffe-per-il-2024\/","title":{"rendered":"Approvati il nuovo regolamento TARI e le tariffe per il 2024"},"author":7,"featured_media":0,"template":"","argomenti":[15,29],"tipi_notizia":[601],"class_list":["post-5794","notizia","type-notizia","status-publish","hentry","argomenti-comunicazione-politica","argomenti-imposte","tipi_notizia-comunicati"],"_edit_lock":"1718807641:7","_edit_last":"7","_dci_notizia_a_cura_di":["67"],"_dci_notizia_immagine_id":"764","_dci_notizia_immagine":"https:\/\/www.comune.sestri-levante.ge.it\/wp-content\/uploads\/2023\/03\/Comune.jpg","_dci_notizia_descrizione_breve":"Il sindaco Solinas: \u201cTariffazione pi\u00f9 equa e sostegno concreto alle famiglie\u201d\r\n\r\n","_dci_notizia_testo_completo":"<p dir=\"ltr\">Nel corso della seduta del Consiglio Comunale di ieri sera, marted\u00ec 18 giugno, sono stati approvati il nuovo regolamento TARI e le relative tariffe per l\u2019anno 2024. L\u2019amministrazione comunale ha introdotto una nuova modalit\u00e0 di calcolo della tassa sui rifiuti basata sulla tariffa binomia al fine di stabilire principi di calcolo pi\u00f9 equi, sono state apportate modifiche alla classificazione delle utenze domestiche e non domestiche, eliminando distorsioni che penalizzavano le famiglie e nell\u2019ottica di tutelare e sostenerle, \u00e8 stato definito un fondo di 55 mila euro che consentir\u00e0 l\u2019esenzione o la riduzione della TARI per i nuclei familiari in difficolt\u00e0.<\/p>\r\n\r\n<blockquote>\r\n<p dir=\"ltr\">\u201cL\u2019introduzione della tariffazione binomia, adottata dalla maggior parte dei comuni italiani, va a sostituire il vecchio sistema basato principalmente sulla superficie dell'immobile considerando ora due componenti: una quota fissa che copre i costi generali del servizio e una quota variabile correlata alla produzione effettiva di rifiuti che permette una tariffazione pi\u00f9 equa, superando le limitazioni del vecchio metodo monomio\u201d, spiega il vicesindaco e assessore al Bilancio <strong>Sandro Muzio<\/strong>.<\/p>\r\n<p dir=\"ltr\">\u201cIl rinnovato regolamento introduce una nuova classificazione delle utenze domestiche e delle loro pertinenze come cantine, box e solai, che ora diventeranno utenze domestiche anzich\u00e9 commerciali ridurr\u00e0 significativamente le tariffe per queste pertinenze. Ad esempio, un proprietario di un box di 20 mq pagher\u00e0 tra 20 e 33 euro rispetto ai precedenti 54 euro, grazie all'esclusione della quota variabile per le pertinenze. Questa revisione riduce la tari per le famiglie con queste pertinenze - prosegue il vicesindaco Muzio \u2013 ed \u00e8 un primo passo verso una tariffazione puntuale, con l'obiettivo finale di quantificare la produzione di rifiuti per ogni utenza, rendendo il sistema pi\u00f9 equo e in linea con il principio \"chi pi\u00f9 inquina, pi\u00f9 paga\"\u201d.<\/p>\r\n<p dir=\"ltr\">\u201cA dimostrazione del nostro impegno a favore delle famiglie residenti nel territorio comunale, oltre alle misure illustrate dal vicesindaco, abbiamo creato un fondo di oltre 50 mila euro, sette volte pi\u00f9 ampio rispetto a quello del passato, che attraverso specifici bandi contribuir\u00e0 a ridurre ulteriormente la tassazione per le famiglie con fasce di reddito fasce pi\u00f9 bassi. Tale provvedimento si affianca a quello introdotto a fine anno, che prevede l\u2019esenzione dell\u2019addizionale comunale IRPEF per chi ha un reddito fiscale inferiore a 12mila euro e il bonus per i nuovi nati - sottolinea il sindaco <strong>Francesco Solinas<\/strong> -. Ricordo inoltre che, a partire dal 2025, si registreranno nuovi aumenti dovuti alle\u00a0problematiche ereditate dalle precedenti amministrazioni che non hanno saputo mantenere gli accantonamenti necessari per coprire i costi di chiusura e gestione post-chiusura della discarica di C\u00e0 da Matta. Ci\u00f2 comporter\u00e0 l'accensione di un mutuo di circa 1.900.000 euro, oltre a una spesa di gestione annuale stimata in oltre 300.000 euro\u201d, conclude.<\/p>\r\n<\/blockquote>\r\n<div><\/div>\r\n<p align=\"center\">Sestri Levante, 19 giugno 2024<\/p>","_dci_notizia_data_pubblicazione":"","_dci_notizia_data_scadenza":"","_dci_notizia_allegati":"","_wp_old_slug":"","_dci_notizia_luoghi":"","_dci_notizia_persone":["2085","2088"],"_fgj2wp_old_id":"","_dci_notizia_numero_comunicato":"","_dci_notizia_multimedia":"","_links":{"self":[{"href":"https:\/\/www.comune.sestri-levante.ge.it\/api\/wp\/v2\/notizia\/5794","targetHints":{"allow":["GET"]}}],"collection":[{"href":"https:\/\/www.comune.sestri-levante.ge.it\/api\/wp\/v2\/notizia"}],"about":[{"href":"https:\/\/www.comune.sestri-levante.ge.it\/api\/wp\/v2\/types\/notizia"}],"author":[{"embeddable":true,"href":"https:\/\/www.comune.sestri-levante.ge.it\/api\/wp\/v2\/users\/7"}],"wp:attachment":[{"href":"https:\/\/www.comune.sestri-levante.ge.it\/api\/wp\/v2\/media?parent=5794"}],"wp:term":[{"taxonomy":"argomenti","embeddable":true,"href":"https:\/\/www.comune.sestri-levante.ge.it\/api\/wp\/v2\/argomenti?post=5794"},{"taxonomy":"tipi_notizia","embeddable":true,"href":"https:\/\/www.comune.sestri-levante.ge.it\/api\/wp\/v2\/tipi_notizia?post=5794"}],"curies":[{"name":"wp","href":"https:\/\/api.w.org\/{rel}","templated":true}]}}