{"id":48001,"date":"2026-09-01T15:08:35","date_gmt":"2026-09-01T13:08:35","guid":{"rendered":"https:\/\/www.comune.sestri-levante.ge.it\/?post_type=notizia&#038;p=48001"},"modified":"2026-09-01T15:08:35","modified_gmt":"2026-09-01T13:08:35","slug":"chiusura-del-sottopasso-di-via-fascie-riunione-operativa-sulla-viabilita-e-sui-trasporti-eccezionali","status":"publish","type":"notizia","link":"https:\/\/www.comune.sestri-levante.ge.it\/novita\/chiusura-del-sottopasso-di-via-fascie-riunione-operativa-sulla-viabilita-e-sui-trasporti-eccezionali\/","title":{"rendered":"Chiusura del sottopasso di via Fascie, riunione operativa sulla viabilit\u00e0 e sui trasporti eccezionali"},"author":7,"featured_media":0,"template":"","argomenti":[14],"tipi_notizia":[601],"class_list":["post-48001","notizia","type-notizia","status-publish","hentry","argomenti-comunicazione-istituzionale","tipi_notizia-comunicati"],"_edit_lock":"1788268020:7","_edit_last":"7","_dci_notizia_a_cura_di":["67"],"_dci_notizia_immagine_id":"48002","_dci_notizia_immagine":"https:\/\/www.comune.sestri-levante.ge.it\/wp-content\/uploads\/2026\/09\/Riunione-01_09_2026.jpeg","_dci_notizia_descrizione_breve":"Il sottopasso sar\u00e0 interessato dai lavori a partire dal 7 settembre. In programma un tavolo in Prefettura per individuare le soluzioni pi\u00f9 adeguate","_dci_notizia_testo_completo":"Si \u00e8 svolta nella mattinata di oggi, marted\u00ec 1\u00b0 settembre, presso gli uffici tecnici comunali di via Salvi, una riunione operativa dedicata alle problematiche logistiche e viabilistiche connesse alla chiusura del sottopasso ferroviario di via Fascie prevista a partire da luned\u00ec 7 settembre 2026. All'incontro hanno preso parte il sindaco di Sestri Levante Francesco Solinas, l\u2019assessore Valentina Armanino, gli uffici tecnici e la Polizia Locale del Comune di Sestri Levante, i rappresentanti di Concessioni del Tirreno e Autostrade per l'Italia, rappresentanti dell\u2019Amministrazione e della Polizia Locale del Comune di Lavagna, della Polizia Locale di Chiavari e i tecnici di Fincantieri.\r\n\r\nLa chiusura del sottopasso si rende necessaria nell'ambito dei lavori per la posa delle condotte destinate a convogliare reflui comprensoriali in mandata verso il depuratore di Ramaia e quelli trattati verso lo scarico a mare. Questo specifico intervento prender\u00e0 il via il 7 settembre e interesser\u00e0 il tratto compreso tra la rotatoria di via Fascie-via Pace nel Mondo e la rotatoria della Lapide. I lavori prevedono un\u2019attivit\u00e0 di scavo particolarmente complessa, dovuta alla significativa presenza di acqua di falda nell\u2019area interessata.\r\n\r\nLa riunione fa seguito ad altri incontri tecnici gi\u00e0 svolti e si \u00e8 concentrata in particolare sull'individuazione di soluzioni alternative per la gestione dei trasporti eccezionali dello stabilimento Fincantieri, per i quali il sottopasso rappresenta un collegamento strategico:\r\n<blockquote>\u201cQuella di oggi \u00e8 stata una riunione articolata, dedicata a una problematica che avevamo gi\u00e0 anticipato e sulla quale stiamo lavorando da tempo - commenta il sindaco di Sestri Levante, <strong>Francesco Solinas<\/strong> -. L'incontro si aggiunge a quelli gi\u00e0 svolti con l'obiettivo di individuare soluzioni funzionali sia per i trasporti eccezionali, in particolare quelli legati allo stabilimento Fincantieri, sia pi\u00f9 in generale per la viabilit\u00e0. L'obiettivo \u00e8 trovare modalit\u00e0 che consentano di contemperare le esigenze del cantiere con quelle delle attivit\u00e0 produttive e della mobilit\u00e0, riducendo il pi\u00f9 possibile l'impatto sulla vita quotidiana dei cittadini\u201d.<\/blockquote>\r\nIl confronto proseguir\u00e0 nelle prossime settimane: sar\u00e0 infatti convocato un tavolo in Prefettura con i soggetti coinvolti, finalizzato a definire le soluzioni viabilistiche pi\u00f9 adeguate per consentire il transito dei trasporti eccezionali durante il periodo di chiusura del sottopasso.\r\n\r\nSecondo le ultime valutazioni, il sottopasso ferroviario dovr\u00e0 rimanere chiuso e non transitabile fino a tutto il mese di dicembre.","_dci_notizia_data_pubblicazione":"1788220800","_dci_notizia_data_scadenza":"","_dci_notizia_allegati":"","_wp_old_slug":"","_dci_notizia_luoghi":"","_dci_notizia_persone":["2085","5054"],"_fgj2wp_old_id":"","_dci_notizia_numero_comunicato":"","_dci_notizia_multimedia":"","_links":{"self":[{"href":"https:\/\/www.comune.sestri-levante.ge.it\/api\/wp\/v2\/notizia\/48001","targetHints":{"allow":["GET"]}}],"collection":[{"href":"https:\/\/www.comune.sestri-levante.ge.it\/api\/wp\/v2\/notizia"}],"about":[{"href":"https:\/\/www.comune.sestri-levante.ge.it\/api\/wp\/v2\/types\/notizia"}],"author":[{"embeddable":true,"href":"https:\/\/www.comune.sestri-levante.ge.it\/api\/wp\/v2\/users\/7"}],"wp:attachment":[{"href":"https:\/\/www.comune.sestri-levante.ge.it\/api\/wp\/v2\/media?parent=48001"}],"wp:term":[{"taxonomy":"argomenti","embeddable":true,"href":"https:\/\/www.comune.sestri-levante.ge.it\/api\/wp\/v2\/argomenti?post=48001"},{"taxonomy":"tipi_notizia","embeddable":true,"href":"https:\/\/www.comune.sestri-levante.ge.it\/api\/wp\/v2\/tipi_notizia?post=48001"}],"curies":[{"name":"wp","href":"https:\/\/api.w.org\/{rel}","templated":true}]}}