{"id":47994,"date":"2026-08-31T14:58:36","date_gmt":"2026-08-31T12:58:36","guid":{"rendered":"https:\/\/www.comune.sestri-levante.ge.it\/?post_type=notizia&#038;p=47994"},"modified":"2026-08-31T15:00:19","modified_gmt":"2026-08-31T13:00:19","slug":"gli-eventi-di-settembre-a-sestri-levante","status":"publish","type":"notizia","link":"https:\/\/www.comune.sestri-levante.ge.it\/novita\/gli-eventi-di-settembre-a-sestri-levante\/","title":{"rendered":"Gli eventi di settembre a Sestri Levante"},"author":2,"featured_media":0,"template":"","argomenti":[56],"tipi_notizia":[601],"class_list":["post-47994","notizia","type-notizia","status-publish","hentry","argomenti-tempo-libero","tipi_notizia-comunicati"],"_edit_lock":"1788181077:2","_edit_last":"2","_dci_notizia_a_cura_di":["67"],"_dci_notizia_immagine_id":"46786","_dci_notizia_immagine":"https:\/\/www.comune.sestri-levante.ge.it\/wp-content\/uploads\/2025\/06\/baia-del-silenzio.jpeg","_dci_notizia_descrizione_breve":"Ancora tanti appuntamenti diffusi tra centro, Baia del Silenzio, Riva Trigoso e Parco Mandela","_dci_notizia_testo_completo":"<p dir=\"ltr\">Sestri Levante saluta l\u2019arrivo settembre senza spegnere i motori. Il calendario di eventi del Comune conferma una citt\u00e0 che, mentre l'estate balneare volge al termine, continua a vivere di appuntamenti diffusi tra centro, Baia del Silenzio, Riva Trigoso e Parco Mandela.<\/p>\r\n<p dir=\"ltr\">Si parte il 2 settembre con l'ultimo capitolo di \"Aria - Meraviglia tra mare, colline e musica\": trekking al tramonto con concerto alle 19.30 alle Rocche di Sant\u2019Anna. Il giorno successivo, 3 settembre, la Baia del Silenzio ospita \"Con maschere e pinne\u2026 Snorkeling in Baia del Silenzio\", iniziativa di LabTer Tigullio e MuSel che invita a scoprire i fondali cittadini in chiave didattica e ambientale.<\/p>\r\n<p dir=\"ltr\">Il weekend del 5 e 6 settembre porta a Riva Trigoso il ritorno dell'Action Sport Expo, mentre in centro si moltiplicano proposte culturali, musicali e sociali: dal Bluescaravan for Freedom alla Domenica al MuSel, dal Festival Organistico Internazionale alle mostre a Palazzo Fascie e Palazzo comunale.<\/p>\r\n<p dir=\"ltr\">Il 19 settembre il Parco Mandela ospita la Giornata dello Sport, momento corale dedicato alle associazioni sportive del territorio, prova ulteriore di una citt\u00e0 che non rallenta con la fine della bella stagione. Sempre in ambito sportivo, il 26 settembre, appuntamento con il nuoto di fondo e il campionato regionale di fondo in acque libere.<\/p>\r\n<p dir=\"ltr\">Preghiera e tradizione per la festa del Santo Cristo alla chiesa di Santa Maria di Nazareth mentre tutti i venerd\u00ec al Mandela proseguono le osservazioni astronomiche gratuite a cura dell\u2019Associazione Il Sestante.<\/p>\r\n<p dir=\"ltr\">Sono tanti gli appuntamenti anche culturali tutti da scoprire sul portale <a href=\"http:\/\/www.sestri-levante.net\/\" target=\"_blank\" rel=\"nofollow noopener noreferrer\">www.sestri-levante.net<\/a> o sui social del Comune. Da citare una serie di iniziative per ricordare la figura di Pilade Queirolo a sessant\u2019anni dalla sua scomparsa.<\/p>\r\n<p dir=\"ltr\">\u00abSettembre si conferma un mese ponte, capace di tenere insieme gli ultimi bagliori d'estate e il fermento culturale che caratterizzer\u00e0 l'autunno sestrese: un trimestre che guarder\u00e0 gi\u00e0 ai grandi appuntamenti di fine anno, in avvicinamento verso il Natale. Per dare dei numeri, tra ottobre e novembre avremo otto weekend di eventi\u00bb \u00e8 il commento dell\u2019Assessore Luca Bacherotti.<\/p>\r\n<p dir=\"ltr\">In allegato la<a href=\"https:\/\/www.comune.sestri-levante.ge.it\/wp-content\/uploads\/2026\/08\/Settembre2026_01.pdf\"> locandina di settembre<\/a>.<\/p>","_dci_notizia_data_pubblicazione":"","_dci_notizia_data_scadenza":"","_dci_notizia_allegati":"","_wp_old_slug":"","_dci_notizia_luoghi":"","_dci_notizia_persone":"","_fgj2wp_old_id":"","_dci_notizia_numero_comunicato":"","_dci_notizia_multimedia":{"47995":"https:\/\/www.comune.sestri-levante.ge.it\/wp-content\/uploads\/2026\/08\/Settembre2026-scaled.jpg"},"_links":{"self":[{"href":"https:\/\/www.comune.sestri-levante.ge.it\/api\/wp\/v2\/notizia\/47994","targetHints":{"allow":["GET"]}}],"collection":[{"href":"https:\/\/www.comune.sestri-levante.ge.it\/api\/wp\/v2\/notizia"}],"about":[{"href":"https:\/\/www.comune.sestri-levante.ge.it\/api\/wp\/v2\/types\/notizia"}],"author":[{"embeddable":true,"href":"https:\/\/www.comune.sestri-levante.ge.it\/api\/wp\/v2\/users\/2"}],"wp:attachment":[{"href":"https:\/\/www.comune.sestri-levante.ge.it\/api\/wp\/v2\/media?parent=47994"}],"wp:term":[{"taxonomy":"argomenti","embeddable":true,"href":"https:\/\/www.comune.sestri-levante.ge.it\/api\/wp\/v2\/argomenti?post=47994"},{"taxonomy":"tipi_notizia","embeddable":true,"href":"https:\/\/www.comune.sestri-levante.ge.it\/api\/wp\/v2\/tipi_notizia?post=47994"}],"curies":[{"name":"wp","href":"https:\/\/api.w.org\/{rel}","templated":true}]}}