{"id":47693,"date":"2026-04-30T07:58:43","date_gmt":"2026-04-30T05:58:43","guid":{"rendered":"https:\/\/www.comune.sestri-levante.ge.it\/?post_type=notizia&#038;p=47693"},"modified":"2026-04-30T07:58:43","modified_gmt":"2026-04-30T05:58:43","slug":"paolo-pelosin-e-il-nuovo-amministratore-unico-della-mediaterraneo-servizi","status":"publish","type":"notizia","link":"https:\/\/www.comune.sestri-levante.ge.it\/novita\/paolo-pelosin-e-il-nuovo-amministratore-unico-della-mediaterraneo-servizi\/","title":{"rendered":"Paolo Pelosin \u00e8 il nuovo Amministratore Unico della Mediaterraneo Servizi"},"author":7,"featured_media":0,"template":"","argomenti":[14],"tipi_notizia":[601],"class_list":["post-47693","notizia","type-notizia","status-publish","hentry","argomenti-comunicazione-istituzionale","tipi_notizia-comunicati"],"_edit_lock":"1777528587:7","_edit_last":"7","_dci_notizia_a_cura_di":["67"],"_dci_notizia_immagine_id":"47694","_dci_notizia_immagine":"https:\/\/www.comune.sestri-levante.ge.it\/wp-content\/uploads\/2026\/04\/Pelosin.jpeg","_dci_notizia_descrizione_breve":"43 anni, residente a Chiavari, laurea magistrale in General Management all\u2019Universit\u00e0 di Genova; esperienza in Ferrero e Kraft-Mondelez; attualmente cofondatore e amministratore delegato di Bercy de Bercy, azienda di forniture alimentari","_dci_notizia_testo_completo":"Nella giornata di oggi si \u00e8 tenuta l\u2019assemblea per l\u2019approvazione del bilancio 2025 di Mediaterraneo servizi, societ\u00e0 partecipata del Comune di Sestri Levante. Il bilancio \u00e8 stato approvato con un utile di 41.974 euro, indici reddituali e patrimoniali positivi e una posizione debitoria ridotta di oltre un milione di euro rispetto a 24 mesi fa.\r\n\r\nL\u2019Amministratore unico Federico Squeri, terminato il percorso di risanamento, ha confermato che impegni professionali non gli consentono di proseguire nel suo incarico. Al suo posto il Sindaco Francesco Solinas, dopo aver analizzato le candidature pervenute, ha nominato Paolo Pelosin quale nuovo Amministratore Unico.\r\n\r\nPelosin, 43 anni, \u00e8 residente a Chiavari e ha ottenuto laurea magistrale in General Management all\u2019Universit\u00e0 di Genova; ha maturato esperienze in varie importanti aziende quali Ferrero e Kraft-mondeleez e attualmente \u00e8 cofondatore e amministratore delegato della Bercy de Bercy azienda attiva nella forniture alimentari.\r\n\r\nDichiara il Sindaco di Sestri Levante<strong> Francesco Solinas<\/strong>:\r\n<blockquote>\u00abRingrazio Squeri per il lavoro svolto e un grazie all\u2019impegno del personale di Mediaterraneo. Benvenuto a Paolo Pelosin professionista e imprenditore che grazie alla sua esperienza e alle sue capacit\u00e0 sapr\u00e0 confermare il percorso positivo della nostra societ\u00e0 partecipata integrando nuove competenze. A Pelosin e a tutta la Mediaterraneo auguro buon lavoro\u00bb.<\/blockquote>\r\nCos\u00ec il neo eletto Amministratore Unico<strong> Paolo Pelosin<\/strong>:\r\n<blockquote>\u00abRingrazio il Sindaco e tutta l\u2019Amministrazione per la fiducia accordatami e per l\u2019opportunit\u00e0 di mettere a disposizione della comunit\u00e0 la mia esperienza professionale. Nel corso della mia carriera ho maturato solide competenze nella gestione e nell\u2019organizzazione aziendale, affrontando con responsabilit\u00e0 e visione le sfide legate allo sviluppo e all\u2019efficienza delle strutture operative. \u00c8 con questo bagaglio di esperienza che mi accingo ad assumere questo incarico, con l\u2019obiettivo di contribuire in modo concreto alla crescita e al buon funzionamento della societ\u00e0. Assicuro fin da ora il massimo impegno, senso di responsabilit\u00e0 e collaborazione con l\u2019Amministrazione comunale\u00bb.<\/blockquote>","_dci_notizia_data_pubblicazione":"1777420800","_dci_notizia_data_scadenza":"","_dci_notizia_allegati":"","_wp_old_slug":"","_dci_notizia_luoghi":"","_dci_notizia_persone":"","_fgj2wp_old_id":"","_dci_notizia_numero_comunicato":"","_dci_notizia_multimedia":"","_links":{"self":[{"href":"https:\/\/www.comune.sestri-levante.ge.it\/api\/wp\/v2\/notizia\/47693","targetHints":{"allow":["GET"]}}],"collection":[{"href":"https:\/\/www.comune.sestri-levante.ge.it\/api\/wp\/v2\/notizia"}],"about":[{"href":"https:\/\/www.comune.sestri-levante.ge.it\/api\/wp\/v2\/types\/notizia"}],"author":[{"embeddable":true,"href":"https:\/\/www.comune.sestri-levante.ge.it\/api\/wp\/v2\/users\/7"}],"wp:attachment":[{"href":"https:\/\/www.comune.sestri-levante.ge.it\/api\/wp\/v2\/media?parent=47693"}],"wp:term":[{"taxonomy":"argomenti","embeddable":true,"href":"https:\/\/www.comune.sestri-levante.ge.it\/api\/wp\/v2\/argomenti?post=47693"},{"taxonomy":"tipi_notizia","embeddable":true,"href":"https:\/\/www.comune.sestri-levante.ge.it\/api\/wp\/v2\/tipi_notizia?post=47693"}],"curies":[{"name":"wp","href":"https:\/\/api.w.org\/{rel}","templated":true}]}}