{"id":47586,"date":"2026-03-01T18:26:03","date_gmt":"2026-03-01T16:26:03","guid":{"rendered":"https:\/\/www.comune.sestri-levante.ge.it\/?post_type=notizia&#038;p=47586"},"modified":"2026-03-17T13:24:26","modified_gmt":"2026-03-17T11:24:26","slug":"solidarieta-musica-ed-eleganza-torna-a-sestri-levante-il-ballo-della-rosa-per-sostenere-i-cani-guida-lions","status":"publish","type":"notizia","link":"https:\/\/www.comune.sestri-levante.ge.it\/novita\/solidarieta-musica-ed-eleganza-torna-a-sestri-levante-il-ballo-della-rosa-per-sostenere-i-cani-guida-lions\/","title":{"rendered":"Solidariet\u00e0, musica ed eleganza: torna a Sestri Levante il \u201cBallo della Rosa\u201d per sostenere i Cani Guida Lions"},"author":2,"featured_media":0,"template":"","argomenti":[56],"tipi_notizia":[601],"class_list":["post-47586","notizia","type-notizia","status-publish","hentry","argomenti-tempo-libero","tipi_notizia-comunicati"],"_edit_lock":"1773746666:2","_edit_last":"2","_dci_notizia_a_cura_di":["67"],"_dci_notizia_immagine_id":"47587","_dci_notizia_immagine":"https:\/\/www.comune.sestri-levante.ge.it\/wp-content\/uploads\/2026\/03\/foto-ballo-della-rosa.jpg","_dci_notizia_descrizione_breve":"Serata di raccolta fondi per il progetto \u201cLuce a quattro zampe\u201d destinato alla formazione di un cane guida","_dci_notizia_testo_completo":"<p class=\"_aupe copyable-text x15bjb6t x1n2onr6\"><span class=\"_aupe copyable-text xkrh14z\">Una serata di eleganza, musica e solidariet\u00e0 affacciata su una delle baie pi\u00f9 suggestive della Liguria. Sabato 21 marzo alle ore 21.00 il Convento dell\u2019Annunziata di Sestri Levante, con la sua splendida vista sulla Baia del Silenzio, ospiter\u00e0 la terza edizione del \u201cBallo della Rosa\u201d, evento benefico dedicato alla raccolta fondi a favore della Scuola Cani Guida dei Lions.<\/span><\/p>\r\n<p class=\"_aupe copyable-text x15bjb6t x1n2onr6\"><\/p>\r\n<p class=\"_aupe copyable-text x15bjb6t x1n2onr6\"><span class=\"_aupe copyable-text xkrh14z\">L\u2019iniziativa nasce con l\u2019obiettivo di sostenere concretamente il progetto \u201cLuce a quattro zampe\u201d destinato alla formazione di un cane guida che accompagner\u00e0 una persona non vedente nel proprio percorso di autonomia e libert\u00e0. Un gesto di solidariet\u00e0 che trasforma una serata di festa in un contributo concreto per migliorare la qualit\u00e0 della vita di chi vive ogni giorno la sfida della disabilit\u00e0 visiva.<\/span><\/p>\r\n<p class=\"_aupe copyable-text x15bjb6t x1n2onr6\"><\/p>\r\n<p class=\"_aupe copyable-text x15bjb6t x1n2onr6\"><span class=\"_aupe copyable-text xkrh14z\">Promosso dai Lions Club di Sestri Levante, Chiavari Host, Chiavari Castello, San Michele di Pagana, Santacroce, Lavagna Val Fontanabuona e Genova Mare Nostrum, insieme al Leo Club Chiavari\u2013Sestri Levante, il \u201cBallo della Rosa\u201d si preannuncia come un appuntamento ricco di emozioni, partecipazione e impegno sociale.<\/span><\/p>\r\n<p class=\"_aupe copyable-text x15bjb6t x1n2onr6\"><\/p>\r\n<p class=\"_aupe copyable-text x15bjb6t x1n2onr6\"><span class=\"_aupe copyable-text xkrh14z\">La serata sar\u00e0 impreziosita da una sfilata di alta moda firmata Daphn\u00e9 Sanremo e da un momento musicale d\u2019eccezione: un suggestivo \u201cduello di note\u201d tra jazz e musica classica con due straordinari protagonisti del panorama musicale italiano, Dado Moroni e Andrea Bacchetti, che si esibiranno in duo regalando al pubblico un incontro unico tra due linguaggi musicali.<\/span><\/p>\r\n<p class=\"_aupe copyable-text x15bjb6t x1n2onr6\"><\/p>\r\n<p class=\"_aupe copyable-text x15bjb6t x1n2onr6\"><span class=\"_aupe copyable-text xkrh14z\">L\u2019evento \u00e8 patrocinato dal Comune di Sestri Levante e supportato da Mediaterraneo Servizi, a conferma dell\u2019attenzione del territorio verso iniziative che uniscono cultura, spettacolo e impegno sociale.<\/span><\/p>\r\n<p class=\"_aupe copyable-text x15bjb6t x1n2onr6\"><\/p>\r\n<p class=\"_aupe copyable-text x15bjb6t x1n2onr6\"><span class=\"_aupe copyable-text xkrh14z\">La quota di partecipazione \u00e8 di 50 euro e contribuir\u00e0 direttamente alla realizzazione del progetto benefico.<\/span><\/p>\r\n<p class=\"_aupe copyable-text x15bjb6t x1n2onr6\"><\/p>\r\n<p class=\"_aupe copyable-text x15bjb6t x1n2onr6\"><span class=\"_aupe copyable-text xkrh14z\">Per informazioni e prenotazioni:<\/span><\/p>\r\n<p class=\"_aupe copyable-text x15bjb6t x1n2onr6\"><span class=\"_aupe copyable-text xkrh14z\">Valentina - 346 2224647<\/span><\/p>\r\n<p class=\"_aupe copyable-text x15bjb6t x1n2onr6\"><span class=\"_aupe copyable-text xkrh14z\">Angelo - 338 2031715<\/span><\/p>\r\n<p class=\"_aupe copyable-text x15bjb6t x1n2onr6\"><span class=\"_aupe copyable-text xkrh14z\">Marino - 333 4519150<\/span><\/p>","_dci_notizia_data_pubblicazione":"","_dci_notizia_data_scadenza":"","_dci_notizia_allegati":"","_wp_old_slug":"","_dci_notizia_luoghi":["5967"],"_dci_notizia_persone":"","_fgj2wp_old_id":"","_dci_notizia_numero_comunicato":"","_dci_notizia_multimedia":"","_links":{"self":[{"href":"https:\/\/www.comune.sestri-levante.ge.it\/api\/wp\/v2\/notizia\/47586","targetHints":{"allow":["GET"]}}],"collection":[{"href":"https:\/\/www.comune.sestri-levante.ge.it\/api\/wp\/v2\/notizia"}],"about":[{"href":"https:\/\/www.comune.sestri-levante.ge.it\/api\/wp\/v2\/types\/notizia"}],"author":[{"embeddable":true,"href":"https:\/\/www.comune.sestri-levante.ge.it\/api\/wp\/v2\/users\/2"}],"wp:attachment":[{"href":"https:\/\/www.comune.sestri-levante.ge.it\/api\/wp\/v2\/media?parent=47586"}],"wp:term":[{"taxonomy":"argomenti","embeddable":true,"href":"https:\/\/www.comune.sestri-levante.ge.it\/api\/wp\/v2\/argomenti?post=47586"},{"taxonomy":"tipi_notizia","embeddable":true,"href":"https:\/\/www.comune.sestri-levante.ge.it\/api\/wp\/v2\/tipi_notizia?post=47586"}],"curies":[{"name":"wp","href":"https:\/\/api.w.org\/{rel}","templated":true}]}}