{"id":47575,"date":"2026-03-09T08:31:47","date_gmt":"2026-03-09T06:31:47","guid":{"rendered":"https:\/\/www.comune.sestri-levante.ge.it\/?post_type=notizia&#038;p=47575"},"modified":"2026-03-09T08:31:47","modified_gmt":"2026-03-09T06:31:47","slug":"incontro-su-imposta-di-soggiorno-2026","status":"publish","type":"notizia","link":"https:\/\/www.comune.sestri-levante.ge.it\/novita\/incontro-su-imposta-di-soggiorno-2026\/","title":{"rendered":"Incontro su Imposta di Soggiorno 2026"},"author":1,"featured_media":0,"template":"","argomenti":[14,29],"tipi_notizia":[602],"class_list":["post-47575","notizia","type-notizia","status-publish","hentry","argomenti-comunicazione-istituzionale","argomenti-imposte","tipi_notizia-avvisi"],"_edit_lock":"1773037765:1","_edit_last":"1","_dci_notizia_a_cura_di":["3336"],"_dci_notizia_immagine_id":"2516","_dci_notizia_immagine":"https:\/\/www.comune.sestri-levante.ge.it\/wp-content\/uploads\/2021\/02\/uffici_tributi.jpg","_dci_notizia_descrizione_breve":"Gioved\u00ec 12 marzo incontro con i cittadini sulle novit\u00e0 applicative del Regolamento IDS","_dci_notizia_testo_completo":"<strong>Gioved\u00ec 12 marzo 2026 ore 09.00<\/strong> si terr\u00e0 presso la Sala Ocule della sede comunale un incontro riguardante le novit\u00e0 applicative del Regolamento sull\u2019Imposta di Soggiorno a seguito delle modifiche approvate con deliberazione di Consiglio Comunale n. 100 del 15\/12\/2025.\r\n\r\nSi invitano gli interessati a partecipare.","_dci_notizia_data_pubblicazione":"","_dci_notizia_data_scadenza":"","_dci_notizia_allegati":"","_wp_old_slug":"","_dci_notizia_luoghi":"","_dci_notizia_persone":"","_fgj2wp_old_id":"","_dci_notizia_numero_comunicato":"","_dci_notizia_multimedia":"","_links":{"self":[{"href":"https:\/\/www.comune.sestri-levante.ge.it\/api\/wp\/v2\/notizia\/47575","targetHints":{"allow":["GET"]}}],"collection":[{"href":"https:\/\/www.comune.sestri-levante.ge.it\/api\/wp\/v2\/notizia"}],"about":[{"href":"https:\/\/www.comune.sestri-levante.ge.it\/api\/wp\/v2\/types\/notizia"}],"author":[{"embeddable":true,"href":"https:\/\/www.comune.sestri-levante.ge.it\/api\/wp\/v2\/users\/1"}],"wp:attachment":[{"href":"https:\/\/www.comune.sestri-levante.ge.it\/api\/wp\/v2\/media?parent=47575"}],"wp:term":[{"taxonomy":"argomenti","embeddable":true,"href":"https:\/\/www.comune.sestri-levante.ge.it\/api\/wp\/v2\/argomenti?post=47575"},{"taxonomy":"tipi_notizia","embeddable":true,"href":"https:\/\/www.comune.sestri-levante.ge.it\/api\/wp\/v2\/tipi_notizia?post=47575"}],"curies":[{"name":"wp","href":"https:\/\/api.w.org\/{rel}","templated":true}]}}