{"id":47325,"date":"2025-12-11T13:08:49","date_gmt":"2025-12-11T11:08:49","guid":{"rendered":"https:\/\/www.comune.sestri-levante.ge.it\/?post_type=notizia&#038;p=47325"},"modified":"2025-12-11T13:08:49","modified_gmt":"2025-12-11T11:08:49","slug":"premio-andersen-2026-pubblicato-il-bando","status":"publish","type":"notizia","link":"https:\/\/www.comune.sestri-levante.ge.it\/novita\/premio-andersen-2026-pubblicato-il-bando\/","title":{"rendered":"Premio Andersen 2026, pubblicato il bando"},"author":7,"featured_media":0,"template":"","argomenti":[34,56],"tipi_notizia":[600],"class_list":["post-47325","notizia","type-notizia","status-publish","hentry","argomenti-istruzione","argomenti-tempo-libero","tipi_notizia-notizie"],"_edit_lock":"1765451735:7","_edit_last":"7","_dci_notizia_a_cura_di":["67"],"_dci_notizia_immagine_id":"47327","_dci_notizia_immagine":"https:\/\/www.comune.sestri-levante.ge.it\/wp-content\/uploads\/2025\/12\/NADIA-TERRANOVA.jpeg","_dci_notizia_descrizione_breve":" Nadia Terranova presidente di Giuria","_dci_notizia_testo_completo":"Sar\u00e0 Nadia Terranova a presiedere la Giuria della 59\u00aa edizione del Premio H.C. Andersen - Baia delle Favole, concorso dedicato alla fiaba inedita. Scrittrice tra le pi\u00f9 autorevoli del panorama contemporaneo, Terranova guider\u00e0 il gruppo di esperti che valuter\u00e0 le opere degli autori e illustratori provenienti da tutto il mondo. Il Comune di Sestri Levante e Mediaterraneo Servizi annunciano l\u2019apertura del bando, confermando il carattere internazionale del Premio, con categorie dedicate a tutte le et\u00e0 e testi in pi\u00f9 lingue.\r\n\r\nMaggiori informazioni nel bando allegato alla presente notizia e sul sito del <a href=\"https:\/\/andersensestri.it\/\">Premio Andersen<\/a>\r\n\r\n&nbsp;","_dci_notizia_data_pubblicazione":"1765411200","_dci_notizia_data_scadenza":"","_dci_notizia_allegati":{"47328":"https:\/\/www.comune.sestri-levante.ge.it\/wp-content\/uploads\/2025\/12\/Premio-Andersen-Baia-delle-Favole_59-edizione.pdf"},"_wp_old_slug":"","_dci_notizia_luoghi":"","_dci_notizia_persone":"","_fgj2wp_old_id":"","_dci_notizia_numero_comunicato":"","_dci_notizia_multimedia":"","_links":{"self":[{"href":"https:\/\/www.comune.sestri-levante.ge.it\/api\/wp\/v2\/notizia\/47325","targetHints":{"allow":["GET"]}}],"collection":[{"href":"https:\/\/www.comune.sestri-levante.ge.it\/api\/wp\/v2\/notizia"}],"about":[{"href":"https:\/\/www.comune.sestri-levante.ge.it\/api\/wp\/v2\/types\/notizia"}],"author":[{"embeddable":true,"href":"https:\/\/www.comune.sestri-levante.ge.it\/api\/wp\/v2\/users\/7"}],"wp:attachment":[{"href":"https:\/\/www.comune.sestri-levante.ge.it\/api\/wp\/v2\/media?parent=47325"}],"wp:term":[{"taxonomy":"argomenti","embeddable":true,"href":"https:\/\/www.comune.sestri-levante.ge.it\/api\/wp\/v2\/argomenti?post=47325"},{"taxonomy":"tipi_notizia","embeddable":true,"href":"https:\/\/www.comune.sestri-levante.ge.it\/api\/wp\/v2\/tipi_notizia?post=47325"}],"curies":[{"name":"wp","href":"https:\/\/api.w.org\/{rel}","templated":true}]}}