{"id":47295,"date":"2025-12-04T15:28:25","date_gmt":"2025-12-04T13:28:25","guid":{"rendered":"https:\/\/www.comune.sestri-levante.ge.it\/?post_type=notizia&#038;p=47295"},"modified":"2025-12-04T15:28:25","modified_gmt":"2025-12-04T13:28:25","slug":"domeniche-di-natale-due-ore-gratis-di-parcheggio","status":"publish","type":"notizia","link":"https:\/\/www.comune.sestri-levante.ge.it\/novita\/domeniche-di-natale-due-ore-gratis-di-parcheggio\/","title":{"rendered":"Domeniche di Natale, due ore gratis di parcheggio"},"author":7,"featured_media":0,"template":"","argomenti":[14,59],"tipi_notizia":[601],"class_list":["post-47295","notizia","type-notizia","status-publish","hentry","argomenti-comunicazione-istituzionale","argomenti-turismo","tipi_notizia-comunicati"],"_edit_lock":"1764854906:7","_edit_last":"7","_dci_notizia_a_cura_di":["67"],"_dci_notizia_immagine_id":"47296","_dci_notizia_immagine":"https:\/\/www.comune.sestri-levante.ge.it\/wp-content\/uploads\/2025\/12\/parcheggi-blu.jpeg","_dci_notizia_descrizione_breve":"Domenica 7, 14 e 21 dicembre 2025 su tutto il territorio cittadino","_dci_notizia_testo_completo":"Due ore gratuite di parcheggio per residenti e ospiti a Sestri Levante. \u00c8 il regalo di Natale che la Giunta ha approvato in vista delle festivit\u00e0. La misura sar\u00e0 valida nelle giornate di domenica 7, 14 e 21 dicembre 2025 su tutto il territorio cittadino. Si tratta di un\u2019iniziativa pensata per rendere la citt\u00e0 pi\u00f9 accogliente e incentivare la partecipazione delle iniziative in programma.\r\n\r\nL\u2019agevolazione sar\u00e0 direttamente calcolata dai parcometri al momento del pagamento della sosta e il tagliando andr\u00e0 comunque sempre esposto sul parabrezza.","_dci_notizia_data_pubblicazione":"1764806400","_dci_notizia_data_scadenza":"","_dci_notizia_allegati":"","_wp_old_slug":"","_dci_notizia_luoghi":"","_dci_notizia_persone":"","_fgj2wp_old_id":"","_dci_notizia_numero_comunicato":"","_dci_notizia_multimedia":"","_links":{"self":[{"href":"https:\/\/www.comune.sestri-levante.ge.it\/api\/wp\/v2\/notizia\/47295","targetHints":{"allow":["GET"]}}],"collection":[{"href":"https:\/\/www.comune.sestri-levante.ge.it\/api\/wp\/v2\/notizia"}],"about":[{"href":"https:\/\/www.comune.sestri-levante.ge.it\/api\/wp\/v2\/types\/notizia"}],"author":[{"embeddable":true,"href":"https:\/\/www.comune.sestri-levante.ge.it\/api\/wp\/v2\/users\/7"}],"wp:attachment":[{"href":"https:\/\/www.comune.sestri-levante.ge.it\/api\/wp\/v2\/media?parent=47295"}],"wp:term":[{"taxonomy":"argomenti","embeddable":true,"href":"https:\/\/www.comune.sestri-levante.ge.it\/api\/wp\/v2\/argomenti?post=47295"},{"taxonomy":"tipi_notizia","embeddable":true,"href":"https:\/\/www.comune.sestri-levante.ge.it\/api\/wp\/v2\/tipi_notizia?post=47295"}],"curies":[{"name":"wp","href":"https:\/\/api.w.org\/{rel}","templated":true}]}}