{"id":47288,"date":"2025-12-03T09:54:22","date_gmt":"2025-12-03T07:54:22","guid":{"rendered":"https:\/\/www.comune.sestri-levante.ge.it\/?post_type=notizia&#038;p=47288"},"modified":"2025-12-03T09:54:22","modified_gmt":"2025-12-03T07:54:22","slug":"indagini-strutturali-sul-ponte-di-via-vercelli-prevista-la-chiusura-al-traffico-veicolare","status":"publish","type":"notizia","link":"https:\/\/www.comune.sestri-levante.ge.it\/novita\/indagini-strutturali-sul-ponte-di-via-vercelli-prevista-la-chiusura-al-traffico-veicolare\/","title":{"rendered":"Indagini strutturali sul ponte di via Vercelli, prevista la chiusura al traffico veicolare"},"author":7,"featured_media":0,"template":"","argomenti":[14],"tipi_notizia":[600],"class_list":["post-47288","notizia","type-notizia","status-publish","hentry","argomenti-comunicazione-istituzionale","tipi_notizia-notizie"],"_edit_lock":"1764748333:7","_edit_last":"7","_dci_notizia_a_cura_di":["152","67"],"_dci_notizia_immagine_id":"","_dci_notizia_immagine":"","_dci_notizia_descrizione_breve":"Dalle ore 7 di gioved\u00ec 4 dicembre alle ore 20 di venerd\u00ec 5 dicembre 2025","_dci_notizia_testo_completo":"Proseguono le indagini strutturali sul ponte di via Vercelli previste dalle Linee guida ministeriali sulla sicurezza dei ponti. Per consentire il completamento delle verifiche tecniche il ponte rester\u00e0 chiuso al traffico dalle ore 7.00 di gioved\u00ec 4 dicembre 2025 alle ore 20.00 di venerd\u00ec 5 dicembre 2025.","_dci_notizia_data_pubblicazione":"","_dci_notizia_data_scadenza":"","_dci_notizia_allegati":"","_wp_old_slug":"chiusura-al-traffico-veicolare","_dci_notizia_luoghi":"","_dci_notizia_persone":"","_fgj2wp_old_id":"","_dci_notizia_numero_comunicato":"","_dci_notizia_multimedia":{"47163":"https:\/\/www.comune.sestri-levante.ge.it\/wp-content\/uploads\/2025\/10\/via-vercelli.jpg"},"_links":{"self":[{"href":"https:\/\/www.comune.sestri-levante.ge.it\/api\/wp\/v2\/notizia\/47288","targetHints":{"allow":["GET"]}}],"collection":[{"href":"https:\/\/www.comune.sestri-levante.ge.it\/api\/wp\/v2\/notizia"}],"about":[{"href":"https:\/\/www.comune.sestri-levante.ge.it\/api\/wp\/v2\/types\/notizia"}],"author":[{"embeddable":true,"href":"https:\/\/www.comune.sestri-levante.ge.it\/api\/wp\/v2\/users\/7"}],"wp:attachment":[{"href":"https:\/\/www.comune.sestri-levante.ge.it\/api\/wp\/v2\/media?parent=47288"}],"wp:term":[{"taxonomy":"argomenti","embeddable":true,"href":"https:\/\/www.comune.sestri-levante.ge.it\/api\/wp\/v2\/argomenti?post=47288"},{"taxonomy":"tipi_notizia","embeddable":true,"href":"https:\/\/www.comune.sestri-levante.ge.it\/api\/wp\/v2\/tipi_notizia?post=47288"}],"curies":[{"name":"wp","href":"https:\/\/api.w.org\/{rel}","templated":true}]}}