{"id":46903,"date":"2025-07-24T10:49:43","date_gmt":"2025-07-24T08:49:43","guid":{"rendered":"https:\/\/www.comune.sestri-levante.ge.it\/?post_type=notizia&#038;p=46903"},"modified":"2025-08-02T09:27:56","modified_gmt":"2025-08-02T07:27:56","slug":"un-agosto-ricco-di-musica-spettacoli-e-tradizione-a-sestri-levante","status":"publish","type":"notizia","link":"https:\/\/www.comune.sestri-levante.ge.it\/novita\/un-agosto-ricco-di-musica-spettacoli-e-tradizione-a-sestri-levante\/","title":{"rendered":"Un agosto ricco di musica, spettacoli e tradizione a Sestri Levante"},"author":7,"featured_media":0,"template":"","argomenti":[59],"tipi_notizia":[601],"class_list":["post-46903","notizia","type-notizia","status-publish","hentry","argomenti-turismo","tipi_notizia-comunicati"],"_edit_lock":"1754119575:7","_edit_last":"7","_dci_notizia_a_cura_di":["67"],"_dci_notizia_immagine_id":"5881","_dci_notizia_immagine":"https:\/\/www.comune.sestri-levante.ge.it\/wp-content\/uploads\/2024\/07\/Barcarolata.jpg","_dci_notizia_descrizione_breve":"Eventi per tutti i gusti, tra tradizione, nuove esperienze e una festa speciale che unisce shopping e dj set il 12 agosto. Tutti i dettagli","_dci_notizia_testo_completo":"Anche ad agosto, il calendario degli eventi a Sestri Levante offre una proposta ampia e variegata, pensata per tutte le et\u00e0: musica, teatro, cinema, sport, appuntamenti culturali, escursioni, mercatini, le immancabili sagre della tradizione, i festeggiamenti per 150 anni della Filarmonica cittadina e un evento nuovo di zecca che unisce il dj set con gli ultimi giorni dei saldi.\r\n\r\nSi chiama \u201cNOMACAIA. Un look, una festa, mille sconti!\u201d ed \u00e8 stato pensato dal neo Assessore al Turismo ed Eventi <strong>Luca Bacherotti<\/strong> per coinvolgere i negozi e i locali della citt\u00e0 in una festa musicale a tema. L\u2019appuntamento \u00e8 marted\u00ec 12 agosto dove all\u2019Arena Conchiglia \u00e8 previsto un dj set a ingresso libero; chi parteciper\u00e0 vestito a tema marinaresco avr\u00e0 un prendi due e paghi uno nei locali e uno sconto del 10% sugli acquisti nei negozi aderenti. NOMACAIA \u00e8 organizzato dal Comune di Sestri Levante, Civ I Carruggi di Sestri Levante e Civ di via Nazionale.\r\n\r\nGuardando il calendario, gli \u201cimperdibili\u201d da segnare sono: la Barcarolata (3 agosto), lo spettacolare corteo sul mare in Baia; la Silent Disco in riva al mare (8 agosto), una delle serate pi\u00f9 attese dai giovani e il Mojotic Festival, con il concerto dei DIIV all\u2019Arena Conchiglia (18 agosto); i grandi nomi dello spettacolo comico con Antonio Ornano (10 agosto) e Jonathan Canini (11 agosto); l\u2019appuntamento all\u2019alba con ARIA (13 agosto), concerto suggestivo sui ruderi di Santa Caterina; il concerto-tributo agli ABBA \u201cAbbatime\u201d (23 agosto), per una serata di grande energia all\u2019Arena Conchiglia.\r\n\r\nIl 2 agosto ricorreranno i 150 anni della Filarmonica Sestrese, un anniversario che sar\u00e0 festeggiato con 4 appuntamenti: il 2 agosto una sfilata di sei bande provenienti da varie citt\u00e0 e momento conclusivo all\u2019Arena Conchiglia; il 6 agosto nel Convento dell'Annunziata concerto lirico-sinfonico le cui prove saranno aperte al pubblico e si svolgeranno il 4 agosto alle 21.00 alla Lavagnina. Infine Palazzo Fascie ospiter\u00e0 una mostra fotografica della storia del sodalizio dal 3 al 10 agosto con inaugurazione il 3 agosto alle 18.00.\r\n\r\nLa musica classica sar\u00e0 protagonista per tutto il mese con il 43\u00b0 Festival Estivo di Musica da Camera, che porter\u00e0 concerti di alto livello al Convento dell\u2019Annunziata. Tra le manifestazioni musicali di maggior pregio da rimarcare il Concorso Pianistico Internazionale \u201cJ. S. Bach\u201d (15 agosto).\r\n\r\nNon mancheranno inoltre concerti lirici, jazz, sinfonici e tributi al cinema, insieme alla rassegna Nuove Terre e agli eventi musicali nei borghi e nelle frazioni. La rassegna \u201cPer le strade dello swing\u201d (4 agosto) sar\u00e0 dedicata ai grandi della musica internazionale.\r\n\r\nIl cielo sopra Sestri sar\u00e0 osservato ogni venerd\u00ec grazie agli incontri con l\u2019Associazione Il Sestante, con telescopi puntati su costellazioni, pianeti e fenomeni astronomici. L\u20198 agosto \u00e8 prevista anche una suggestiva escursione serale \u201cAspettando San Lorenzo\u201d a cura del Labter.\r\n\r\nGrande spazio anche alla cultura grazie alle iniziative di Palazzo Fascie: incontri con autori (tra cui Gian Marco Griffi, il 27 agosto), presentazioni di libri, mostre d\u2019arte e fotografia. Tra queste, \u201cLa donna e l\u2019isola\u201d (dal 22 agosto a Palazzo Fascie) e la storica \u201cI ricordi dei nonni a Riva Trigoso\u201d (14-16 agosto). Per i pi\u00f9 piccoli, continuano le letture animate \u201cFantasticamente estate\u201d e le attivit\u00e0 del MuSel, mentre nelle sere d\u2019estate torna il cinema all\u2019aperto all\u2019Arena Conchiglia con un ricco programma di film per tutta la famiglia.\r\n\r\nNon mancano le sagre e le feste popolari: dalla Sagra della Sardina a quella del Minestrone, dai testaieu e asado alla tradizionale festa di San Bartolomeo della Ginestra.\r\n\r\nChi ama lo sport potr\u00e0 partecipare o assistere a eventi come il Bay Night Swimming (4 agosto), la Canoa sotto le stelle (2 agosto), la gara di nuoto Kilometro Rivano (15 agosto) e le Mini Olimpiadi (27 e 28 agosto).\r\n\r\nOgni gioved\u00ec il centro si anima con Sestri L.ive, il venerd\u00ec tornano le osservazioni astronomiche, mentre mercatini, mostre e promozioni commerciali animeranno tutto il mese.\r\n\r\nTutte le informazioni su eventi, biglietti e prenotazioni sono disponibili sul sito ufficiale del turismo www.sestri-levante.net o all\u2019Ufficio IAT in corso Colombo 50 aperto tutti i giorni 9.30-13.00 \/ 15.30-19.00 (tel 0185 478530).","_dci_notizia_data_pubblicazione":"1753315200","_dci_notizia_data_scadenza":"","_dci_notizia_allegati":{"46904":"https:\/\/www.comune.sestri-levante.ge.it\/wp-content\/uploads\/2025\/07\/EventiAgosto_2.pdf","46920":"https:\/\/www.comune.sestri-levante.ge.it\/wp-content\/uploads\/2025\/07\/Eventi-Agosto_1.pdf"},"_wp_old_slug":"","_dci_notizia_luoghi":"","_dci_notizia_persone":"","_fgj2wp_old_id":"","_dci_notizia_numero_comunicato":"","_dci_notizia_multimedia":"","_links":{"self":[{"href":"https:\/\/www.comune.sestri-levante.ge.it\/api\/wp\/v2\/notizia\/46903","targetHints":{"allow":["GET"]}}],"collection":[{"href":"https:\/\/www.comune.sestri-levante.ge.it\/api\/wp\/v2\/notizia"}],"about":[{"href":"https:\/\/www.comune.sestri-levante.ge.it\/api\/wp\/v2\/types\/notizia"}],"author":[{"embeddable":true,"href":"https:\/\/www.comune.sestri-levante.ge.it\/api\/wp\/v2\/users\/7"}],"wp:attachment":[{"href":"https:\/\/www.comune.sestri-levante.ge.it\/api\/wp\/v2\/media?parent=46903"}],"wp:term":[{"taxonomy":"argomenti","embeddable":true,"href":"https:\/\/www.comune.sestri-levante.ge.it\/api\/wp\/v2\/argomenti?post=46903"},{"taxonomy":"tipi_notizia","embeddable":true,"href":"https:\/\/www.comune.sestri-levante.ge.it\/api\/wp\/v2\/tipi_notizia?post=46903"}],"curies":[{"name":"wp","href":"https:\/\/api.w.org\/{rel}","templated":true}]}}