{"id":46842,"date":"2025-07-14T12:37:33","date_gmt":"2025-07-14T10:37:33","guid":{"rendered":"https:\/\/www.comune.sestri-levante.ge.it\/?post_type=notizia&#038;p=46842"},"modified":"2025-07-14T14:26:08","modified_gmt":"2025-07-14T12:26:08","slug":"presentazione-domande-per-agevolazione-caregiver-2025","status":"publish","type":"notizia","link":"https:\/\/www.comune.sestri-levante.ge.it\/novita\/presentazione-domande-per-agevolazione-caregiver-2025\/","title":{"rendered":"Presentazione domande per agevolazione Caregiver 2025"},"author":14,"featured_media":0,"template":"","argomenti":[7,8],"tipi_notizia":[602],"class_list":["post-46842","notizia","type-notizia","status-publish","hentry","argomenti-assistenza-agli-invalidi","argomenti-assistenza-sociale","tipi_notizia-avvisi"],"_edit_lock":"1752495833:14","_edit_last":"14","_dci_notizia_a_cura_di":["1154"],"_dci_notizia_immagine_id":"46844","_dci_notizia_immagine":"https:\/\/www.comune.sestri-levante.ge.it\/wp-content\/uploads\/2025\/07\/tedeum-favola-sanfrancesco-20201231095458.jpg","_dci_notizia_descrizione_breve":"Da oggi 14 luglio 2025 \u00e8 possibile presentare la domanda per il bonus 2025 di Regione Liguria dedicato ai caregiver","_dci_notizia_testo_completo":"Da oggi 14 luglio 2025 \u00e8 possibile presentare domanda di BONUS CAREGIVER, in allegato, seguendo le istruzioni di seguito riportate.\r\n\r\n<strong>Finalit\u00e0<\/strong>\r\n\r\n<span dir=\"ltr\" role=\"presentation\">ll<\/span> <span dir=\"ltr\" role=\"presentation\">presente<\/span> <span dir=\"ltr\" role=\"presentation\">Piano<\/span> <span dir=\"ltr\" role=\"presentation\">ha<\/span> <span dir=\"ltr\" role=\"presentation\">per<\/span> <span dir=\"ltr\" role=\"presentation\">oggetto<\/span> <span dir=\"ltr\" role=\"presentation\">la<\/span> <span dir=\"ltr\" role=\"presentation\">realizzazione<\/span> <span dir=\"ltr\" role=\"presentation\">di<\/span> <span dir=\"ltr\" role=\"presentation\">un<\/span> <span dir=\"ltr\" role=\"presentation\">programma<\/span> <span dir=\"ltr\" role=\"presentation\">di<\/span> <span dir=\"ltr\" role=\"presentation\">interventi<\/span> <span dir=\"ltr\" role=\"presentation\">diretti<\/span> <span dir=\"ltr\" role=\"presentation\">in<\/span> <span dir=\"ltr\" role=\"presentation\">ambiti <\/span><span dir=\"ltr\" role=\"presentation\">di sollievo rivolti a quei<\/span> <span dir=\"ltr\" role=\"presentation\">caregivers<\/span> <span dir=\"ltr\" role=\"presentation\">che stanno <\/span><span dir=\"ltr\" role=\"presentation\">affrontando<\/span> <span dir=\"ltr\" role=\"presentation\">la cura e il sostegno di loro<\/span> <span dir=\"ltr\" role=\"presentation\">cari in <\/span><span dir=\"ltr\" role=\"presentation\">condizioni di non autosufficienza, prevedono l'erogazione di contributi di sollievo destinati a <\/span><span dir=\"ltr\" role=\"presentation\">ristorare il caregiver per il suo elevato carico assistenziale.<\/span>\r\n\r\n&nbsp;\r\n\r\n<strong>Destinatari delle azioni<\/strong>\r\n\r\nConsiderando che la previsione di cui alla lettera a) del 2 comma dell\u2019art. 1 del sopracitato decreto, consente di indirizzare gli interventi tenendo anche in considerazione i fenomeni di insorgenza anticipata della condizione di gravissima disabilit\u00e0, la Regione Liguria, sulla base dell\u2019andamento degli interventi relativi alle annualit\u00e0 precedenti, intende prevedere che gli interventi siano destinati ai caregiver di persone:\r\n<ol>\r\n \t<li>in condizione di gravissima disabilit\u00e0 ex art. 3 del decreto del Ministro del Lavoro e delle Politiche Sociali 26 settembre 2016;<\/li>\r\n \t<li>affette da grave demenza (Alzheimer e altre demenze) con una valutazione sulla scala Clinical Dementia Rating Scale (CDRS) tra 1 e 3;<\/li>\r\n \t<li>in condizione di non autosufficienza come definito dalla Delibera della Giunta Regionale 20 ottobre 2006, n. 1106 \u201cIndirizzi per il Fondo Regionale per la non autosufficienza\u201d. Tale condizione sussiste quando ricorre il seguente profilo:\r\n<ul>\r\n \t<li>la persona non si alimenta da sola e ha bisogno di essere imboccata;<\/li>\r\n \t<li>la persona non \u00e8 in grado di vestirsi e di lavarsi;<\/li>\r\n \t<li>la persona ha bisogno d\u2019aiuto per muoversi all'interno e all'esterno dell\u2019abitazione;<\/li>\r\n \t<li>la persona ha gravi disturbi cognitivi e comportamentali che alterano i rapporti relazionali con i familiari e con l\u2019esterno;<\/li>\r\n \t<li>la persona \u00e8 portatrice di co-morbilit\u00e0 di pi\u00f9 di due patologie disabilitanti, con trattamenti farmacologici necessari ripetitivi o urgenti, con prognosi evolutiva<\/li>\r\n<\/ul>\r\n<\/li>\r\n<\/ol>\r\n<span id=\"p149R_mc3\" class=\"markedContent\"><span dir=\"ltr\" role=\"presentation\">Per accedere agli interventi di sostegno previsti dal presente atto, il caregiver di cui al punto <\/span><span dir=\"ltr\" role=\"presentation\">precedente deve trovarsi nelle seguenti condizioni:<\/span><\/span><span id=\"p149R_mc4\" class=\"markedContent\"><\/span><span id=\"p149R_mc5\" class=\"markedContent\"><br role=\"presentation\" \/><\/span>\r\n<ul>\r\n \t<li>il caregiver \u00e8 convivente con la persona di cui si prende cura;<\/li>\r\n \t<li>il caregiver presta assistenza continuativa;<\/li>\r\n \t<li>il caregiver ha un ISEE ordinario inferiore o uguale a 30.000 euro;<\/li>\r\n \t<li>l\u2019assistito non \u00e8 gi\u00e0 beneficiario di specifici contributi regionali che valorizzino il ruolo del caregiver nel sostegno alla domiciliarit\u00e0;<\/li>\r\n \t<li>il caregiver e l\u2019assistito sono residenti in Liguria;<\/li>\r\n \t<li>l\u2019assistito non \u00e8 ricoverato in struttura extraospedaliera, pubblica e privata.<\/li>\r\n \t<li>l\u2019assistito non beneficia di contributi regionali relativi alla Vita indipendente, Dopo di Noi e grave disabilit\u00e0 .<\/li>\r\n<\/ul>\r\n<span id=\"p149R_mc13\" class=\"markedContent\"><span dir=\"ltr\" role=\"presentation\">La condizione di disabilit\u00e0 gravissima e di non autosufficienza sar\u00e0 accertata attraverso l\u2019utilizzo <\/span><span dir=\"ltr\" role=\"presentation\">degli strumenti e delle procedure gi\u00e0 utilizzate per il riconoscimento dei beneficiari del contributo <\/span><span dir=\"ltr\" role=\"presentation\">della gravissima disabilit\u00e0 e del contributo grave di<\/span><span dir=\"ltr\" role=\"presentation\">sabilit\u00e0.<\/span><\/span><span id=\"p149R_mc14\" class=\"markedContent\"><br role=\"presentation\" \/><span dir=\"ltr\" role=\"presentation\">La<\/span> <span dir=\"ltr\" role=\"presentation\">condizione<\/span> <span dir=\"ltr\" role=\"presentation\">di<\/span> <span dir=\"ltr\" role=\"presentation\">malattia<\/span> <span dir=\"ltr\" role=\"presentation\">da<\/span> <span dir=\"ltr\" role=\"presentation\">Alzheimer<\/span> <span dir=\"ltr\" role=\"presentation\">e<\/span> <span dir=\"ltr\" role=\"presentation\">altre<\/span> <span dir=\"ltr\" role=\"presentation\">gravi<\/span> <span dir=\"ltr\" role=\"presentation\">demenze,<\/span> <span dir=\"ltr\" role=\"presentation\">anche<\/span> <span dir=\"ltr\" role=\"presentation\">assimilabili<\/span> <span dir=\"ltr\" role=\"presentation\">verr\u00e0<\/span> <span dir=\"ltr\" role=\"presentation\">valutata<\/span> <span dir=\"ltr\" role=\"presentation\">(scala <\/span><span dir=\"ltr\" role=\"presentation\">CDRS)<\/span> <span dir=\"ltr\" role=\"presentation\">e<\/span> <span dir=\"ltr\" role=\"presentation\">certificata<\/span> <span dir=\"ltr\" role=\"presentation\">dal<\/span> <span dir=\"ltr\" role=\"presentation\">CDCD<\/span> <span dir=\"ltr\" role=\"presentation\">o<\/span> <span dir=\"ltr\" role=\"presentation\">altro<\/span> <span dir=\"ltr\" role=\"presentation\">medico<\/span> <span dir=\"ltr\" role=\"presentation\">specialista<\/span> <span dir=\"ltr\" role=\"presentation\">di<\/span> <span dir=\"ltr\" role=\"presentation\">struttura<\/span> <span dir=\"ltr\" role=\"presentation\">sanitaria<\/span> <span dir=\"ltr\" role=\"presentation\">pubblica<\/span> <span dir=\"ltr\" role=\"presentation\">come<\/span> <span dir=\"ltr\" role=\"presentation\">previsto <\/span><span dir=\"ltr\" role=\"presentation\">dalla programmazione precedente.<\/span><\/span><span id=\"p149R_mc15\" class=\"markedContent\"><br role=\"presentation\" \/><span dir=\"ltr\" role=\"presentation\">L\u2019intervento<\/span> <span dir=\"ltr\" role=\"presentation\">verr\u00e0 svolto<\/span> <span dir=\"ltr\" role=\"presentation\">attraverso l\u2019attivazione di equipe multidisciplinari sociosanitarie composte <\/span><span dir=\"ltr\" role=\"presentation\">da operatori dei servizi<\/span> <span dir=\"ltr\" role=\"presentation\">sociali<\/span> <span dir=\"ltr\" role=\"presentation\">e dei servizi sanitari (NPI<\/span><span dir=\"ltr\" role=\"presentation\">-<\/span> <span dir=\"ltr\" role=\"presentation\">SERVIZIO DISABILI ADULTI<\/span><span dir=\"ltr\" role=\"presentation\">-<\/span><span dir=\"ltr\" role=\"presentation\">CDCD).<\/span><br role=\"presentation\" \/><span dir=\"ltr\" role=\"presentation\">In tale sede di valutazione, sar\u00e0 data priorit\u00e0 alle istanze con il valore ISEE pi\u00f9 basso e, sar\u00e0 data <\/span><span dir=\"ltr\" role=\"presentation\">priorit\u00e0 alle istanze di chi non ha mai beneficiato del contributo caregiver<\/span><\/span>\r\n\r\n<b>Agevolazione\u00a0<\/b>\r\n\r\nIl contributo riconosciuto consiste nell\u2019erogazione di un importo mensile che varia a seconda del valore ISEE del caregiver come di seguito riportato:\r\n<ul>\r\n \t<li>Caregiver con un valore ISEE pari o inferiore a euro 15.000,00, il contributo \u00e8 pari a euro 400,00.<\/li>\r\n \t<li>Caregiver con un valore ISEE superiore a 15.000,00, il contributo \u00e8 pari a euro 200,00.<\/li>\r\n<\/ul>\r\nIl contributo, riconosciuto esclusivamente ai destinatari di cui al punto precedente (destinatari delle azioni), \u00e8 erogato per un massimo di 12 mensilit\u00e0 e fino ad esaurimento risorse, finalizzato al sollievo e sostegno del ruolo di cura e di assistenza del caregiver familiare. In caso di formazione di liste d\u2019attesa, la graduatoria sar\u00e0 erosa partendo dal caregiver con il valore ISEE pi\u00f9 basso e sar\u00e0 data priorit\u00e0 alle istanze di chi non ha mai beneficiato del contributo caregiver.\r\n\r\n<b>Presentazione domande<\/b>\r\n\r\n<strong>Per accedere al contributo, il caregiver deve presentare domanda presso il Distretto sociosanitario<\/strong> competente in base alla residenza. Il contributo \u00e8 concesso quando ricorrono i requisiti previsti dal presente atto e previa verifica della disponibilit\u00e0 di risorse da parte dei servizi, che comunicano mensilmente a Filse i nominativi dei beneficiari a cui erogare il contributo. Il contributo non \u00e8 retroattivo in coerenza con le altre misure del sistema regionale per la non autosufficienza.\r\n\r\nFanno parte del Distretto Sanitario DSS16 i comuni di Sestri Levante, Casarza Ligure, Castiglione Chiavarese, Moneglia, Varese Ligure, Carro, Maissana.\r\n\r\nPer presentare le domande:\r\n<ol>\r\n \t<li>Compilare la documentazione e preparare gli allegati da presentare unitamente;<\/li>\r\n \t<li>Trasmettere il plico\r\n<ol>\r\n \t<li>via PEC all'indirizzo\u00a0<a href=\"mailto:protocollo@pec.comune.sestri-levante.ge.it\">protocollo@pec.comune.sestri-levante.ge.it<\/a>\u00a0o via mail a\u00a0<a href=\"mailto:ufficio.protocollo@comune.sestri-levante.ge.it\">ufficio.protocollo@comune.sestri-levante.ge.it<\/a><\/li>\r\n \t<li>oppure consegnarlo all'ufficio protocollo in Piazza Matteotti 3 a Sestri Levante, piano terra.<\/li>\r\n<\/ol>\r\n<\/li>\r\n<\/ol>\r\nPer informazioni e assistenza \u00e8 possibile contattare i referenti:\r\n<ul>\r\n \t<li>per l'area anziani dott.ssa VALENTINA GAGGERO, telefono: 0185478351, email: valentina.gaggero@comune.sestri-levante.ge.it<\/li>\r\n \t<li>per l'area disabili dott.ssa VALENTINA CAZZANTI, telefono: 0185478302, email: valentina.cazzanti@comune.sestri-levante.ge.it<\/li>\r\n<\/ul>","_dci_notizia_data_pubblicazione":"","_dci_notizia_data_scadenza":"","_dci_notizia_allegati":{"46843":"https:\/\/www.comune.sestri-levante.ge.it\/wp-content\/uploads\/2025\/07\/domanda-caregiver-2025-2026.pdf","46846":"https:\/\/www.comune.sestri-levante.ge.it\/wp-content\/uploads\/2024\/07\/REG_AM_4773_2025_SIGNED.pdf"},"_wp_old_slug":"","_dci_notizia_luoghi":"","_dci_notizia_persone":"","_fgj2wp_old_id":"","_dci_notizia_numero_comunicato":"","_dci_notizia_multimedia":"","_links":{"self":[{"href":"https:\/\/www.comune.sestri-levante.ge.it\/api\/wp\/v2\/notizia\/46842","targetHints":{"allow":["GET"]}}],"collection":[{"href":"https:\/\/www.comune.sestri-levante.ge.it\/api\/wp\/v2\/notizia"}],"about":[{"href":"https:\/\/www.comune.sestri-levante.ge.it\/api\/wp\/v2\/types\/notizia"}],"author":[{"embeddable":true,"href":"https:\/\/www.comune.sestri-levante.ge.it\/api\/wp\/v2\/users\/14"}],"wp:attachment":[{"href":"https:\/\/www.comune.sestri-levante.ge.it\/api\/wp\/v2\/media?parent=46842"}],"wp:term":[{"taxonomy":"argomenti","embeddable":true,"href":"https:\/\/www.comune.sestri-levante.ge.it\/api\/wp\/v2\/argomenti?post=46842"},{"taxonomy":"tipi_notizia","embeddable":true,"href":"https:\/\/www.comune.sestri-levante.ge.it\/api\/wp\/v2\/tipi_notizia?post=46842"}],"curies":[{"name":"wp","href":"https:\/\/api.w.org\/{rel}","templated":true}]}}