{"id":46774,"date":"2025-06-24T12:56:40","date_gmt":"2025-06-24T10:56:40","guid":{"rendered":"https:\/\/www.comune.sestri-levante.ge.it\/?post_type=notizia&#038;p=46774"},"modified":"2025-06-24T12:56:40","modified_gmt":"2025-06-24T10:56:40","slug":"torna-la-navetta-gratuita-per-le-spiagge","status":"publish","type":"notizia","link":"https:\/\/www.comune.sestri-levante.ge.it\/novita\/torna-la-navetta-gratuita-per-le-spiagge\/","title":{"rendered":"Torna la navetta gratuita per le spiagge"},"author":7,"featured_media":0,"template":"","argomenti":[58,59],"tipi_notizia":[601],"class_list":["post-46774","notizia","type-notizia","status-publish","hentry","argomenti-trasporto-pubblico","argomenti-turismo","tipi_notizia-comunicati"],"_edit_lock":"1750762476:7","_edit_last":"7","_dci_notizia_a_cura_di":["67"],"_dci_notizia_immagine_id":"46776","_dci_notizia_immagine":"https:\/\/www.comune.sestri-levante.ge.it\/wp-content\/uploads\/2025\/06\/navetta.webp","_dci_notizia_descrizione_breve":"Servizio attivo dal 28 giugno al 31 agosto","_dci_notizia_testo_completo":"\r\nAnche per l\u2019estate 2025 l\u2019Amministrazione comunale di Sestri Levante conferma la navetta gratuita da e per le spiagge, pensato per facilitare gli spostamenti in citt\u00e0, ridurre il traffico e l'impatto ambientale. Il servizio, circolare, partir\u00e0 sabato 28 giugno e sar\u00e0 attivo fino al 31 agosto, con tredici corse giornaliere in partenza ogni ora o ogni due ore, dalle 8.49 alle 23.49. Circa 60 mila euro \u00e8 il costo versato, ad Amt che fornisce il servizio, dal Comune e dai titolari dei campeggi raggiunti dalla navetta. Confermato il percorso dell\u2019anno scorso.\r\n\r\nIn allegato gli orari della navetta.","_dci_notizia_data_pubblicazione":"1750723200","_dci_notizia_data_scadenza":"","_dci_notizia_allegati":{"46775":"https:\/\/www.comune.sestri-levante.ge.it\/wp-content\/uploads\/2025\/06\/BusNavetta_flyer.pdf"},"_wp_old_slug":"","_dci_notizia_luoghi":"","_dci_notizia_persone":"","_fgj2wp_old_id":"","_dci_notizia_numero_comunicato":"","_dci_notizia_multimedia":"","_links":{"self":[{"href":"https:\/\/www.comune.sestri-levante.ge.it\/api\/wp\/v2\/notizia\/46774","targetHints":{"allow":["GET"]}}],"collection":[{"href":"https:\/\/www.comune.sestri-levante.ge.it\/api\/wp\/v2\/notizia"}],"about":[{"href":"https:\/\/www.comune.sestri-levante.ge.it\/api\/wp\/v2\/types\/notizia"}],"author":[{"embeddable":true,"href":"https:\/\/www.comune.sestri-levante.ge.it\/api\/wp\/v2\/users\/7"}],"wp:attachment":[{"href":"https:\/\/www.comune.sestri-levante.ge.it\/api\/wp\/v2\/media?parent=46774"}],"wp:term":[{"taxonomy":"argomenti","embeddable":true,"href":"https:\/\/www.comune.sestri-levante.ge.it\/api\/wp\/v2\/argomenti?post=46774"},{"taxonomy":"tipi_notizia","embeddable":true,"href":"https:\/\/www.comune.sestri-levante.ge.it\/api\/wp\/v2\/tipi_notizia?post=46774"}],"curies":[{"name":"wp","href":"https:\/\/api.w.org\/{rel}","templated":true}]}}