{"id":46739,"date":"2025-06-12T11:59:23","date_gmt":"2025-06-12T09:59:23","guid":{"rendered":"https:\/\/www.comune.sestri-levante.ge.it\/?post_type=notizia&#038;p=46739"},"modified":"2025-06-12T12:00:56","modified_gmt":"2025-06-12T10:00:56","slug":"sestri-levante-e-santa-cruz-rafforzano-il-legame-di-amicizia-nuovi-scenari-di-collaborazione","status":"publish","type":"notizia","link":"https:\/\/www.comune.sestri-levante.ge.it\/novita\/sestri-levante-e-santa-cruz-rafforzano-il-legame-di-amicizia-nuovi-scenari-di-collaborazione\/","title":{"rendered":"Sestri Levante e Santa Cruz rafforzano il legame di amicizia: nuovi scenari di collaborazione"},"author":7,"featured_media":0,"template":"","argomenti":[23],"tipi_notizia":[601],"class_list":["post-46739","notizia","type-notizia","status-publish","hentry","argomenti-gemellaggi","tipi_notizia-comunicati"],"_edit_lock":"1749722348:7","_edit_last":"7","_dci_notizia_a_cura_di":["67"],"_dci_notizia_immagine_id":"46740","_dci_notizia_immagine":"https:\/\/www.comune.sestri-levante.ge.it\/wp-content\/uploads\/2025\/06\/Santa-Cruz.jpeg","_dci_notizia_descrizione_breve":"Nei giorni scorsi la visita dei rappresentanti della citt\u00e0 californiana di Santa Cruz, in occasione del Festival Andersen","_dci_notizia_testo_completo":"La recente visita dei rappresentanti della citt\u00e0 californiana di Santa Cruz, in occasione del Festival Andersen, ha rappresentato un momento significativo di confronto e progettazione condivisa con il tessuto associativo, culturale e produttivo di Sestri Levante.\r\n\r\nA partire dal legame ormai consolidato tra le due comunit\u00e0, la permanenza in citt\u00e0 dei due delegati della localit\u00e0 californiana con cui Sestri Levante ha stretto un patto d\u2019amicizia, ha permesso di delineare nuovi scenari di collaborazione concreta.\r\n\r\nDichiara <strong>Luca Balotta<\/strong>, Consigliere incaricato ai Progetti di gemellaggio:\r\n<blockquote>\u00abLa visita degli amministratori di Santa Cruz a Sestri rappresenta un passo concreto nel rafforzamento dei legami tra le nostre comunit\u00e0. Gli incontri sono stati estremamente positivi e hanno posto le basi per nuovi scambi culturali, capaci di offrire alla nostra citt\u00e0 e ai nostri concittadini un\u2019importante occasione di crescita personale e culturale. Il dialogo tra culture diverse \u00e8 una ricchezza preziosa che vogliamo coltivare con determinazione. L\u2019intenzione dell\u2019Amministrazione \u00e8 quella di riattivare, gi\u00e0 dal prossimo anno scolastico, gli scambi tra studenti interrotti a causa della pandemia, che in passato hanno lasciato un segno profondo nel cuore di chi li ha vissuti. Successivamente esploreremo anche nuove modalit\u00e0 per rafforzare ulteriormente questo legame con la nostra citt\u00e0 gemellata, Santa Cruz\u00bb.<\/blockquote>\r\nFra gli incontri che<strong> Tremain Hedden-Jones<\/strong> (Superintendent of Recreation) ed<strong> Enda Brennan<\/strong> (Ex Officio Member of the Sister Cities Committee) hanno tenuto in citt\u00e0, si segnalano quelli in chiave scolastica, con l\u2019istituto Natta-Deambrosis, con cui si \u00e8 parlato degli scambi culturali tra studenti; con la Fipe Sestri Levante (Federazione dei Pubblici Esercizi) e con la famiglia Ballarini (attiva nella somministrazione) per una condivisione di professionalit\u00e0 legate alla ristorazione; con il Riviera International Film Festival che si presenter\u00e0 all\u2019universit\u00e0 californiana per allargare gli orizzonti della prossima edizione; con l\u2019Associazione fotografica Carpe Diem, pronta a portare a Santa Cruz, insieme al museo cittadino, una mostra dedicata ai propri soci e alla storia delle due citt\u00e0 e con le realt\u00e0 legate al mare (balneari e Guardia Costiera).\r\n<blockquote>\u00abI patti di amicizia sono un\u2019opportunit\u00e0 interessante di crescita e arricchimento solo se non rimangono sulla carta e la visita dei giorni scorsi \u00e8 la prova di quante relazioni possono essere attivate - conclude il Sindaco Francesco Solinas - Ringrazio il Consigliere Balotta per l\u2019ottimo lavoro svolto e tutti i componenti dell\u2019Amministrazione e degli Uffici comunali che si sono impegnati per accogliere questa delegazione\u00bb.<\/blockquote>\r\nUn ringraziamento particolare va alla famiglia Ballarini (Sciamadda, Casa delle Compere, Pesce Balla), famiglia Repetto (ristorante Mapi), l\u2019hotel Mira e l\u2019Associazione Amici del Leudo.","_dci_notizia_data_pubblicazione":"1749686400","_dci_notizia_data_scadenza":"","_dci_notizia_allegati":"","_wp_old_slug":"","_dci_notizia_luoghi":"","_dci_notizia_persone":"","_fgj2wp_old_id":"","_dci_notizia_numero_comunicato":"","_dci_notizia_multimedia":{"46741":"https:\/\/www.comune.sestri-levante.ge.it\/wp-content\/uploads\/2025\/06\/Santa-Cruz-4.jpeg","46742":"https:\/\/www.comune.sestri-levante.ge.it\/wp-content\/uploads\/2025\/06\/Santa-Cruz-3.jpeg","46743":"https:\/\/www.comune.sestri-levante.ge.it\/wp-content\/uploads\/2025\/06\/Santa-Cruz-2.jpeg","46744":"https:\/\/www.comune.sestri-levante.ge.it\/wp-content\/uploads\/2025\/06\/Santa-Cruz-1.jpeg"},"_links":{"self":[{"href":"https:\/\/www.comune.sestri-levante.ge.it\/api\/wp\/v2\/notizia\/46739","targetHints":{"allow":["GET"]}}],"collection":[{"href":"https:\/\/www.comune.sestri-levante.ge.it\/api\/wp\/v2\/notizia"}],"about":[{"href":"https:\/\/www.comune.sestri-levante.ge.it\/api\/wp\/v2\/types\/notizia"}],"author":[{"embeddable":true,"href":"https:\/\/www.comune.sestri-levante.ge.it\/api\/wp\/v2\/users\/7"}],"wp:attachment":[{"href":"https:\/\/www.comune.sestri-levante.ge.it\/api\/wp\/v2\/media?parent=46739"}],"wp:term":[{"taxonomy":"argomenti","embeddable":true,"href":"https:\/\/www.comune.sestri-levante.ge.it\/api\/wp\/v2\/argomenti?post=46739"},{"taxonomy":"tipi_notizia","embeddable":true,"href":"https:\/\/www.comune.sestri-levante.ge.it\/api\/wp\/v2\/tipi_notizia?post=46739"}],"curies":[{"name":"wp","href":"https:\/\/api.w.org\/{rel}","templated":true}]}}