{"id":46604,"date":"2025-05-12T14:33:30","date_gmt":"2025-05-12T12:33:30","guid":{"rendered":"https:\/\/www.comune.sestri-levante.ge.it\/?post_type=notizia&#038;p=46604"},"modified":"2025-05-12T14:33:30","modified_gmt":"2025-05-12T12:33:30","slug":"avviso-pubblico-finalizzato-allindividuazione-di-soggetti-interessati-a-partecipare-in-qualita-di-partner-al-percorso-di-co-progettazione-a-valere-sul-bando-natalita-terza-edizione-fondazione-ca","status":"publish","type":"notizia","link":"https:\/\/www.comune.sestri-levante.ge.it\/novita\/avviso-pubblico-finalizzato-allindividuazione-di-soggetti-interessati-a-partecipare-in-qualita-di-partner-al-percorso-di-co-progettazione-a-valere-sul-bando-natalita-terza-edizione-fondazione-ca\/","title":{"rendered":"Avviso pubblico finalizzato all&#8217;individuazione di soggetti interessati a partecipare in qualit\u00e0 di partner al percorso di co-progettazione a valere sul Bando Natalit\u00e0 &#8211; terza edizione &#8211; Fondazione Carige"},"author":7,"featured_media":0,"template":"","argomenti":[8,14],"tipi_notizia":[602],"class_list":["post-46604","notizia","type-notizia","status-publish","hentry","argomenti-assistenza-sociale","argomenti-comunicazione-istituzionale","tipi_notizia-avvisi"],"_edit_lock":"1747053076:7","_edit_last":"7","_dci_notizia_a_cura_di":["1154"],"_dci_notizia_immagine_id":"46605","_dci_notizia_immagine":"https:\/\/www.comune.sestri-levante.ge.it\/wp-content\/uploads\/2025\/05\/bando.jpg","_dci_notizia_descrizione_breve":"Le manifestazioni di interesse devono essere presentate entro le ore 12.00 del 16 maggio 2025","_dci_notizia_testo_completo":"Il Comune di Sestri Levante, in qualit\u00e0 di Ente capofila, ha pubblicato un avviso finalizzato all\u2019individuazione di soggetti interessati a partecipare come partner alla co-progettazione per la presentazione di una proposta progettuale nell\u2019ambito del Bando Natalit\u00e0 \u2013 Terza Edizione, promosso dalla Fondazione Carige.\r\n\r\nL\u2019obiettivo dell\u2019iniziativa \u00e8 quello di sostenere interventi rivolti alle famiglie, con particolare attenzione ai nuovi genitori e ai nuclei in situazione di vulnerabilit\u00e0 sociale ed economica. Il progetto mira a favorire servizi per la conciliazione vita-lavoro, promuovere reti di sostegno e spazi family-friendly, incentivare la genitorialit\u00e0 e rafforzare i servizi di supporto psicologico.\r\n\r\nPossono candidarsi enti pubblici e privati senza scopo di lucro, fondazioni e associazioni che operano nel settore del benessere familiare e dell\u2019infanzia. Le manifestazioni di interesse devono essere presentate entro le ore 12.00 del 16 maggio 2025, secondo le modalit\u00e0 specificate nell\u2019avviso allegato.\r\n\r\nLa prima riunione di co-progettazione si terr\u00e0 lo stesso giorno, 16 maggio 2025 alle ore 15.00, al primo piano dell\u2019edificio comunale di Piazza della Repubblica n. 44.\r\n\r\nIl progetto, che sar\u00e0 presentato entro il 29 maggio, avr\u00e0 una durata tra i 12 e i 18 mesi e potr\u00e0 beneficiare di un contributo massimo di \u20ac 25.000, coprendo fino all\u201985% del costo complessivo.\r\n\r\nPer maggiori dettagli e per scaricare la documentazione completa, si rimanda agli allegati pubblicati in calce.","_dci_notizia_data_pubblicazione":"1747008000","_dci_notizia_data_scadenza":"","_dci_notizia_allegati":{"46606":"https:\/\/www.comune.sestri-levante.ge.it\/wp-content\/uploads\/2025\/05\/art.-9-regolamento-fondazione-CARIGE.pdf","46607":"https:\/\/www.comune.sestri-levante.ge.it\/wp-content\/uploads\/2025\/05\/ALLEGATO-A-modulo-di-domanda.doc","46608":"https:\/\/www.comune.sestri-levante.ge.it\/wp-content\/uploads\/2025\/05\/ALLEGATO-B-dichiarazione-attivita-e-competenze.doc","46609":"https:\/\/www.comune.sestri-levante.ge.it\/wp-content\/uploads\/2025\/05\/AVVISO-def.pdf"},"_wp_old_slug":"","_dci_notizia_luoghi":"","_dci_notizia_persone":"","_fgj2wp_old_id":"","_dci_notizia_numero_comunicato":"","_dci_notizia_multimedia":"","_links":{"self":[{"href":"https:\/\/www.comune.sestri-levante.ge.it\/api\/wp\/v2\/notizia\/46604","targetHints":{"allow":["GET"]}}],"collection":[{"href":"https:\/\/www.comune.sestri-levante.ge.it\/api\/wp\/v2\/notizia"}],"about":[{"href":"https:\/\/www.comune.sestri-levante.ge.it\/api\/wp\/v2\/types\/notizia"}],"author":[{"embeddable":true,"href":"https:\/\/www.comune.sestri-levante.ge.it\/api\/wp\/v2\/users\/7"}],"wp:attachment":[{"href":"https:\/\/www.comune.sestri-levante.ge.it\/api\/wp\/v2\/media?parent=46604"}],"wp:term":[{"taxonomy":"argomenti","embeddable":true,"href":"https:\/\/www.comune.sestri-levante.ge.it\/api\/wp\/v2\/argomenti?post=46604"},{"taxonomy":"tipi_notizia","embeddable":true,"href":"https:\/\/www.comune.sestri-levante.ge.it\/api\/wp\/v2\/tipi_notizia?post=46604"}],"curies":[{"name":"wp","href":"https:\/\/api.w.org\/{rel}","templated":true}]}}