{"id":46587,"date":"2025-05-09T18:22:01","date_gmt":"2025-05-09T16:22:01","guid":{"rendered":"https:\/\/www.comune.sestri-levante.ge.it\/?post_type=notizia&#038;p=46587"},"modified":"2025-05-09T18:22:01","modified_gmt":"2025-05-09T16:22:01","slug":"parte-da-sestri-levante-il-progetto-il-civico-delle-radici-la-targa-del-mei-dedicata-a-esteban-fortunati-fondatore-del-river-plate","status":"publish","type":"notizia","link":"https:\/\/www.comune.sestri-levante.ge.it\/novita\/parte-da-sestri-levante-il-progetto-il-civico-delle-radici-la-targa-del-mei-dedicata-a-esteban-fortunati-fondatore-del-river-plate\/","title":{"rendered":"Parte da Sestri Levante il progetto Il Civico delle Radici, la targa del Mei dedicata a Esteban Fortunati, fondatore del River Plate"},"author":7,"featured_media":0,"template":"","argomenti":[14],"tipi_notizia":[601],"class_list":["post-46587","notizia","type-notizia","status-publish","hentry","argomenti-comunicazione-istituzionale","tipi_notizia-comunicati"],"_edit_lock":"1747157327:7","_edit_last":"7","_dci_notizia_a_cura_di":["67"],"_dci_notizia_immagine_id":"46588","_dci_notizia_immagine":"https:\/\/www.comune.sestri-levante.ge.it\/wp-content\/uploads\/2025\/05\/ebe1d2b1-ad7e-4028-9ade-48df93555ab8.jpeg","_dci_notizia_descrizione_breve":"A essere ricordato sar\u00e0 Stefano Fortunato,  tra i fondatori del River Plate, storica squadra di calcio argentina in cui hanno giocato campioni del calibro di Alfredo Di Stefano, Omar Sivori, Mario Kempes, Hernan Crespo, Gonzalo Higuain e tanti altri","_dci_notizia_testo_completo":"<div>\r\n<p dir=\"ltr\">Sar\u00e0 affissa a Sestri Levante la prima targa del progetto \u201cIl Civico delle Radici\u201d, promosso dal Museo Nazionale dell\u2019Emigrazione Italiana (MEI) per raccontare, grazie a un QR code e una voce narrante, le storie pi\u00f9 emblematiche dell\u2019emigrazione italiana.<\/p>\r\n<p dir=\"ltr\">Il progetto vuole trasformare le abitazioni degli emigranti in \u201cnarratori della memoria\u201d restituendo valore alle radici e alla storia delle comunit\u00e0 italiane nel mondo.<\/p>\r\n<p dir=\"ltr\">A essere ricordato a Sestri Levante sar\u00e0 Stefano Fortunato \u2013 poi noto in Argentina come Esteban Fortunati \u2013 tra i fondatori del River Plate, storica squadra di calcio argentina in cui hanno giocato campioni del calibro di Alfredo Di Stefano, Omar Sivori, Mario Kempes, Hernan Crespo, Gonzalo Higuain e tanti altri. La clip a lui dedicata, intitolata \u201cIl socio n. 4, Esteban Fortunati: una vita per il River\u201d, \u00e8 realizzata dal MEI in collaborazione con Italea Liguria, con la voce dell\u2019attore Massimo Wertm\u00fcller e testi di Maria Grazia Lancellotti.<\/p>\r\n<p dir=\"ltr\">L\u2019iniziativa, finanziata da Mei e Italea Liguria, vedr\u00e0 la posa della targa \u201cparlante\u201c presso l\u2019atrio del MuSel preceduta da una conferenza illustrativa in concomitanza con il compleanno del River Plate a fine maggio.<\/p>\r\n\r\n<blockquote>\r\n<p dir=\"ltr\">\u00abRingraziamo il Comune di Sestri per essere la prima amministrazione ad aderire alla nostra proposta. L\u2019obiettivo \u00e8 far parlare i palazzi di varie citt\u00e0 italiane affinch\u00e9 raccontino le loro storie di emigrazione. Quella di Esteban sar\u00e0 la prima di una lunga serie di storie di italiani partiti dalle nostre terre in cerca di un futuro migliore\u00bb afferma Paolo Masini, Presidente del Mei.<\/p>\r\n<\/blockquote>\r\n<blockquote>\r\n<p dir=\"ltr\">Commenta il Sindaco di Sestri Levante: \u00abMi piace pensare a questa iniziativa come un ritorno a Sestri Levante del nostro concittadino Esteban Fortunati. Partito da Genova nel 1884 con il piroscafo su cui viaggiava anche lo scrittore Edmondo De Amicis, Fortunati rappresenta quella migrazione a lieto fine che questo progetto vuole raccontare. Vorrei che questa targa fosse s\u00ec il racconto della storia di un nostro illustre concittadino ma anche il ricordo di tutti i migranti molti dei quali non hanno avuto una vita facile\u00bb.<\/p>\r\n<\/blockquote>\r\n<blockquote>\r\n<p dir=\"ltr\">\u00abAnche Sestri Levante custodisce storie straordinarie come quella di Fortunati, che meritano di essere conosciute e valorizzate anche in chiave turistica e identitaria \u2013 spiega l\u2019Assessore alla Promozione e al Marketing Territoriale,\u2013 perch\u00e9 parlano delle nostre radici pi\u00f9 profonde e creano collegamenti che vanno oltre la valorizzazione del territorio e rafforzano il senso di appartenenza a una comunit\u00e0\u00bb.<\/p>\r\n<\/blockquote>\r\n<blockquote>\r\n<p dir=\"ltr\">\u00abUna iniziativa che fa parte di un importante percorso turistico legato al tema sport ed emigrazione, realizzato grazie a un approfondito lavoro di ricerca storica e genealogista di Italea Liguria e dei suoi collaboratori in piena sinergia con il Mei\u00bb dichiara Andrea Pedemonte Referente di Italea Liguria.<\/p>\r\n<\/blockquote>\r\n<p dir=\"ltr\">Alla ricerca hanno contribuito i famigliari di Esteban Fortunati a partire da Florencia Gilardon e il museo del River Plate.<\/p>\r\n<p dir=\"ltr\">L'evento per quanto riguarda Italea Liguria si inserisce nel programma di promozione del Turismo delle Radici del Maeci Progetto PNRR finanziato dal Ministero della Cultura e da NextGenerationEU per il periodo 2022-2025.<\/p>\r\n\r\n<\/div>\r\n<blockquote>\r\n<p dir=\"ltr\"><\/p>\r\n<\/blockquote>","_dci_notizia_data_pubblicazione":"1746748800","_dci_notizia_data_scadenza":"","_dci_notizia_allegati":"","_wp_old_slug":"","_dci_notizia_luoghi":"","_dci_notizia_persone":"","_fgj2wp_old_id":"","_dci_notizia_numero_comunicato":"","_dci_notizia_multimedia":{"46589":"https:\/\/www.comune.sestri-levante.ge.it\/wp-content\/uploads\/2025\/05\/d06197c7-aff1-4754-b6eb-441cb4059fb1.jpeg"},"_links":{"self":[{"href":"https:\/\/www.comune.sestri-levante.ge.it\/api\/wp\/v2\/notizia\/46587","targetHints":{"allow":["GET"]}}],"collection":[{"href":"https:\/\/www.comune.sestri-levante.ge.it\/api\/wp\/v2\/notizia"}],"about":[{"href":"https:\/\/www.comune.sestri-levante.ge.it\/api\/wp\/v2\/types\/notizia"}],"author":[{"embeddable":true,"href":"https:\/\/www.comune.sestri-levante.ge.it\/api\/wp\/v2\/users\/7"}],"wp:attachment":[{"href":"https:\/\/www.comune.sestri-levante.ge.it\/api\/wp\/v2\/media?parent=46587"}],"wp:term":[{"taxonomy":"argomenti","embeddable":true,"href":"https:\/\/www.comune.sestri-levante.ge.it\/api\/wp\/v2\/argomenti?post=46587"},{"taxonomy":"tipi_notizia","embeddable":true,"href":"https:\/\/www.comune.sestri-levante.ge.it\/api\/wp\/v2\/tipi_notizia?post=46587"}],"curies":[{"name":"wp","href":"https:\/\/api.w.org\/{rel}","templated":true}]}}