{"id":46558,"date":"2025-05-02T14:35:01","date_gmt":"2025-05-02T12:35:01","guid":{"rendered":"https:\/\/www.comune.sestri-levante.ge.it\/?post_type=notizia&#038;p=46558"},"modified":"2025-05-02T14:35:01","modified_gmt":"2025-05-02T12:35:01","slug":"andersen-festival-2025-un-viaggio-senza-tempo","status":"publish","type":"notizia","link":"https:\/\/www.comune.sestri-levante.ge.it\/novita\/andersen-festival-2025-un-viaggio-senza-tempo\/","title":{"rendered":"Andersen Festival 2025: &#8220;Un viaggio senza tempo&#8221;"},"author":7,"featured_media":0,"template":"","argomenti":[59],"tipi_notizia":[601],"class_list":["post-46558","notizia","type-notizia","status-publish","hentry","argomenti-turismo","tipi_notizia-comunicati"],"_edit_lock":"1746189213:7","_edit_last":"7","_dci_notizia_a_cura_di":["3348"],"_dci_notizia_immagine_id":"46559","_dci_notizia_immagine":"https:\/\/www.comune.sestri-levante.ge.it\/wp-content\/uploads\/2025\/05\/MANIFESTO-ANDERSEN-2025-scaled.jpg","_dci_notizia_descrizione_breve":"Presentata la 28esima edizione: dal 5 all\u20198 giugno 2025 a Sestri Levante","_dci_notizia_testo_completo":"Dal 5 all\u20198 giugno 2025 torna a Sestri Levante l\u2019Andersen Festival, uno dei pi\u00f9 importanti appuntamenti culturali del panorama italiano, giunto alla sua 28\u00aa edizione. Il Festival, promosso dal Comune di Sestri Levante, ha saputo evolversi negli anni, ampliando il proprio pubblico e arricchendosi di nuove forme artistiche, pur mantenendo saldo il suo legame con l\u2019infanzia, l\u2019immaginazione e la narrazione.\r\n\r\nQuest\u2019anno segna un importante cambio di rotta artistica: la direzione del Festival \u00e8 affidata a Duccio Forzano, affermato regista televisivo e teatrale, per un triennio che si preannuncia innovativo e coraggioso. Insieme a lui, nel ruolo di co-direttore artistico, l\u2019attore e organizzatore Davide Paganini, le cui origini sono proprio di Sestri Levante.\r\n<blockquote>\u201cL\u2019Andersen Festival \u00e8 per me una sfida emozionante. Un\u2019occasione per costruire un ponte tra passato e futuro, immaginazione e concretezza. Il tema che accompagner\u00e0 le prossime tre edizioni sar\u00e0 il Tempo: un concetto che ci guider\u00e0 ogni giorno e che attraverso l\u2019arte pu\u00f2 essere osservato, raccontato e perfino sospeso. Abbiamo pensato a un festival che sia vivo, che si muova con i battiti della citt\u00e0 e delle persone. Sestri Levante \u00e8 un luogo perfetto per accogliere queste visioni\u201d, afferma <strong>Duccio Forzano<\/strong>, Direttore Artistico.\r\n\r\n\u201cTornare nella mia terra per contribuire a uno dei festival pi\u00f9 belli d\u2019Italia \u00e8 un onore e una responsabilit\u00e0. Abbiamo costruito un programma che accosta a nomi affermati, giovani talenti. Pensato per far riflettere, ma anche per far sorridere, sognare e ascoltare le emozioni. E il nostro obiettivo \u00e8 far partecipe ogni spettatore coinvolgendolo in una narrazione fantasiosa, cos\u00ec da renderlo protagonista della manifestazione\u201d, cos\u00ec dichiara <strong>Davide Paganini<\/strong>, co-direttore artistico.<\/blockquote>\r\nIl Festival mantiene il suo legame con il Premio Andersen \u2013 Baia delle Favole, il concorso letterario per fiabe inedite nato nel 1967 e oggi alla 58\u00aa edizione, uno dei pi\u00f9 longevi d\u2019Italia, punto di riferimento nella narrativa per l\u2019infanzia che vedr\u00e0 premiati i vincitori sabato 7 giugno.\r\n\r\nL\u2019organizzazione dell\u2019evento \u00e8 affidata a Mediaterraneo Servizi, societ\u00e0 in-house del Comune di Sestri Levante, che da anni coordina la manifestazione, insignita della Medaglia del Presidente della Repubblica e del prestigioso Hans Christian Andersen Award.\r\n<blockquote>\u201cLa collaborazione con Duccio Forzano e Davide Paganini rappresenta un'opportunit\u00e0 per spingere il Festival verso nuove direzioni. Ci aspetta un\u2019edizione dinamica, trasversale, che guarda al futuro senza dimenticare le sue radici. Mediaterraneo \u00e8 pronta ad affrontare questa nuova sfida con entusiasmo e competenza\u201d, commenta<strong> Camilla Capozzi<\/strong>, Direttore Operativo di Mediaterraneo Servizi.<\/blockquote>\r\n\u201cSono certo che con la creativit\u00e0 e la forza esplosiva del nuovo direttore artistico Duccio Forzano, con il supporto di Davide Paganini, l\u2019organizzazione e l\u2019esperienza della Mediaterraneo, e con il sostegno del Comune sar\u00e0 un Andersen ricco di novit\u00e0 con una progettualit\u00e0 in continua crescita sviluppata su tre anni che metter\u00e0 al centro i bambini e il loro divertimento, attraendo gli adolescenti e schiacciando l\u2019occhio a genitori e nonni: parola d\u2019ordine divertimento e colore per tutti !\u201d, dichiara <strong>Federico Squeri<\/strong>, Amministratore Unico di Mediaterraneo Servizi.\r\n<blockquote>La Regione Liguria al fianco del Festival\r\n\r\n\u201cIl Festival Andersen \u00e8 un appuntamento culturale di straordinaria importanza, non solo per Sestri Levante, ma per tutta la nostra regione \u2013 spiega il presidente della Regione Liguria<strong> Marco Bucci<\/strong> - Da oltre venticinque anni, questo Festival celebra la creativit\u00e0, la narrazione, il talento coinvolgendo artisti, musicisti e appassionati di ogni et\u00e0 e trasformando Sestri Levante in un palcoscenico a cielo aperto, dove la cultura si fonde con la bellezza del territorio. Regione Liguria sostiene con convinzione questa manifestazione riconoscendone il valore educativo, artistico e turistico. Eventi come l\u2019Andersen raccontano la Liguria al mondo, attraverso la forza delle storie e la magia dell\u2019incontro. Anche per l\u2019edizione 2025 l\u2019Andersen Festival di Sestri Levante \u00e8 pronto ad offrire a cittadini e turisti un ricco programma di appuntamenti e iniziative, confermando la sua posizione di primo piano nel mondo delle rassegne culturali liguri. Eventi come l\u2019Andersen, che si svolge in uno dei luoghi pi\u00f9 suggestivi della nostra Regione, sono strategici anche in chiave di promozione del territorio. Grazie all\u2019unione tra panorami che spaziano tra mare e montagna, storia, arte, festival e iniziative culturali di rilievo, infatti, il Tigullio e la Liguria possono contare su un\u2019offerta turistica unica nel suo genere, che certamente dar\u00e0 frutti in termini di visitatori nella stagione estiva in arrivo. Un ringraziamento sincero a tutti gli organizzatori che rendono possibile questo straordinario evento che da quest\u2019anno pu\u00f2 contare su un direttore artistico di eccezione come Duccio Forzano, sei volte regista al Festival di Sanremo che ha con la nostra terra un legame particolare e siamo certi che, attraverso il Festival sapr\u00e0 valorizzarla al meglio\u201d.<\/blockquote>\r\nSecondo l\u2019Assessore alla Cultura<strong> Simona Ferro<\/strong>, \u201cDa quasi trent\u2019anni l\u2019Andersen Festival porta in Liguria scrittori, artisti e migliaia di ragazzi da tutta Italia, affermandosi tra le pi\u00f9 importanti rassegne italiane dedicate alle favole e al teatro. Regione Liguria \u00e8 sempre stata al fianco del Festival, fin dal giorno zero, e continuer\u00e0 a fare la propria parte con impegno e responsabilit\u00e0 per contribuire alla sua costante e progressiva crescita all\u2019interno dello scenario nazionale e internazionale. \u00c8 importante rilevare come, da anni, questa iniziativa venga riconosciuta anche dal Ministero della Cultura, come una delle eccellenze nell'ambito dei festival dello spettacolo. La kermesse di Sestri Levante riesce ad affiancare al tradizionale concorso letterario una serie di spettacoli, incontri, masterclass e attivit\u00e0 dedicate ai pi\u00f9 piccoli, diventando sempre pi\u00f9 un evento inclusivo capace di raggiungere un pubblico vastissimo e di avvicinare tantissimi giovani al mondo della lettura e della scrittura. Complimenti agli organizzatori e auguri di buon lavoro al nuovo direttore artistico Duccio Forzano, un grande professionista che, con l\u2019esperienza e le competenze maturate nel corso di una carriera straordinaria, rappresenta un indiscutibile valore aggiunto per il Festival\u201d.\r\n\r\nSestri Levante, pronta ad accogliere la nuova edizione\r\n<blockquote>\u201cSiamo impazienti di vivere questa nuova edizione del Festival Andersen, un appuntamento che si rinnova nella direzione artistica, affidata al talento e all\u2019esperienza di Duccio Forzano e Davide Paganini, e si rinnova nella proposta culturale e di spettacolo, pi\u00f9 ricca e coinvolgente. Siamo sicuri che sar\u00e0 la giusta cornice, allegra e colorata al Premio Andersen capace di continuare a valorizzare la narrazione e la creativit\u00e0 rivolta ai bambini in tutte le sue forme\u201d, sottolinea il Sindaco di Sestri Levante <strong>Francesco Solinas<\/strong>.\r\n\r\n\u00abQuest'anno il Festival torna a focalizzarsi sui bambini e i ragazzi, riscoprendo le sue origini legate al Premio Andersen e al mondo delle fiabe. Un aspetto importante di questa edizione \u00e8 la collaborazione con le scuole secondarie di secondo grado: grazie ai progetti di PCTO, gli studenti diventano protagonisti attivi, partecipando all\u2019organizzazione e alla realizzazione degli eventi\u00bb, dichiara l\u2019Assessore alla Cultura di Sestri Levante, <strong>Maura Caleffi<\/strong>.<\/blockquote>\r\nIntervenuto anche l\u2019Assessore al Turismo di Sestri Levante Giuseppe Ianni che ha sottolineato l\u2019importanza turistica di questa grande manifestazione:\r\n<blockquote>\u00abL\u2019Andersen Festival 2025 si presenta in una veste totalmente rinnovata con un nuovo direttore artistico, il regista, Duccio Forzano, che ha gi\u00e0 suscitato grande entusiasmo in citt\u00e0 e che, con la sua professionalit\u00e0 e creativit\u00e0, far\u00e0 sognare e divertire bambini, ragazzi e famiglie che saranno presenti a Sestri Levante dal 5 all\u20198 giugno\u00bb.<\/blockquote>\r\nL\u2019edizione 2025 del Festival Andersen ospiter\u00e0 oltre 44 eventi in quattro giorni, tra spettacoli, concerti, laboratori e incontri con grandi protagonisti della scena culturale italiana e internazionale.\r\n\r\nTanti gli artisti che arricchiranno il palinsesto di questa 28^ edizione, dedicato ai bambini e non solo: dalle Blue Dools che da anni portano in giro per l\u2019Italia e all\u2019estero il loro peculiare sound, al quartetto degli Gnu Quartet che hanno calcato i pi\u00f9 prestigiosi palcoscenici internazionali annoverando importanti collaborazioni musicali con i grandi della musica italiana ed estera. Non mancheranno i momenti di riflessione con il pronipote di Alessandro Manzoni, <strong>Nicola Brunialti<\/strong>, autore di libri per ragazzi e co-autore del brano \u201cAbbi cura di te\u201d di Simone Cristicchi. Ma i momenti di riflessione saranno anche condivisi con <strong>Riccardo Bocca<\/strong>, noto critico e giornalista italiano, interlocutore pungente e provocatorio. La musica torner\u00e0 protagonista con un appuntamento \u201cin concerto\u201d con<strong> Francesco Baccini<\/strong>. Ospite d\u2019eccezione, direttamente dal palco dell\u2019Ariston di Sanremo al palco del Festival Andersen, l\u2019amatissimo personaggio della televisione italiana che con i suoi 66 anni resta comunque giovane e contemporaneo: <strong>Topo Gigio<\/strong>.\r\n\r\nMa il programma sar\u00e0 arricchito di tante altre novit\u00e0. Da met\u00e0 maggio sul sito ufficiale dell\u2019evento, sar\u00e0 possibile consultarlo:<a href=\"https:\/\/andersensestri.it\/\"> www.andersensestri.it<\/a>","_dci_notizia_data_pubblicazione":"1746144000","_dci_notizia_data_scadenza":"","_dci_notizia_allegati":"","_wp_old_slug":"","_dci_notizia_luoghi":"","_dci_notizia_persone":["2085","3401","2091","2089"],"_fgj2wp_old_id":"","_dci_notizia_numero_comunicato":"","_dci_notizia_multimedia":"","_links":{"self":[{"href":"https:\/\/www.comune.sestri-levante.ge.it\/api\/wp\/v2\/notizia\/46558","targetHints":{"allow":["GET"]}}],"collection":[{"href":"https:\/\/www.comune.sestri-levante.ge.it\/api\/wp\/v2\/notizia"}],"about":[{"href":"https:\/\/www.comune.sestri-levante.ge.it\/api\/wp\/v2\/types\/notizia"}],"author":[{"embeddable":true,"href":"https:\/\/www.comune.sestri-levante.ge.it\/api\/wp\/v2\/users\/7"}],"wp:attachment":[{"href":"https:\/\/www.comune.sestri-levante.ge.it\/api\/wp\/v2\/media?parent=46558"}],"wp:term":[{"taxonomy":"argomenti","embeddable":true,"href":"https:\/\/www.comune.sestri-levante.ge.it\/api\/wp\/v2\/argomenti?post=46558"},{"taxonomy":"tipi_notizia","embeddable":true,"href":"https:\/\/www.comune.sestri-levante.ge.it\/api\/wp\/v2\/tipi_notizia?post=46558"}],"curies":[{"name":"wp","href":"https:\/\/api.w.org\/{rel}","templated":true}]}}