{"id":46255,"date":"2025-03-15T11:46:12","date_gmt":"2025-03-15T09:46:12","guid":{"rendered":"https:\/\/www.comune.sestri-levante.ge.it\/?post_type=notizia&#038;p=46255"},"modified":"2025-03-28T14:03:38","modified_gmt":"2025-03-28T12:03:38","slug":"giovedi-27-marzo-a-palazzo-fascie-rossi-il-career-day-di-forma-mentis","status":"publish","type":"notizia","link":"https:\/\/www.comune.sestri-levante.ge.it\/novita\/giovedi-27-marzo-a-palazzo-fascie-rossi-il-career-day-di-forma-mentis\/","title":{"rendered":"Gioved\u00ec 27 marzo a Palazzo Fascie Rossi il Career Day di Forma Mentis"},"author":7,"featured_media":0,"template":"","argomenti":[14],"tipi_notizia":[601],"class_list":["post-46255","notizia","type-notizia","status-publish","hentry","argomenti-comunicazione-istituzionale","tipi_notizia-comunicati"],"_edit_lock":"1743163418:7","_edit_last":"7","_dci_notizia_a_cura_di":["3348"],"_dci_notizia_immagine_id":"46256","_dci_notizia_immagine":"https:\/\/www.comune.sestri-levante.ge.it\/wp-content\/uploads\/2025\/03\/Career-Day.jpeg","_dci_notizia_descrizione_breve":"Dalle ore 14 alle 18 in Sala Bo","_dci_notizia_testo_completo":"&nbsp;\r\n\r\nSi terr\u00e0 domani, gioved\u00ec 27 marzo, dalle ore 14 alle 18, nella Sala Bo di Palazzo Fascie Rossi, il Career Day promosso da Forma Mentis S.r.l., con il patrocinio del Comune di Sestri Levante.\r\n\r\nL\u2019evento, gratuito e aperto a tutti, sar\u00e0 un\u2019occasione per conoscere le opportunit\u00e0 formative e lavorative offerte da Forma Mentis, ente di formazione e agenzia per il lavoro con sede a Genova, attivo su tutto il territorio nazionale. Accreditata dalla Regione Liguria, la societ\u00e0 \u00e8 specializzata in formazione professionale e consulenza aziendale, proponendo corsi rivolti sia a chi \u00e8 gi\u00e0 occupato sia a chi \u00e8 alla ricerca di occupazione, con l\u2019obiettivo di migliorare le competenze e favorire l\u2019inserimento nel mondo del lavoro.\r\n\r\nL\u2019offerta formativa di Forma Mentis comprende percorsi dedicati ai disoccupati, per acquisire competenze spendibili sul mercato del lavoro, corsi di aggiornamento per lavoratori occupati, e formazione aziendale su misura, pensata per lo sviluppo delle competenze interne alle imprese.\r\nDurante il Career Day saranno presentati alcuni corsi finanziati da Regione Liguria attualmente disponibili, tra cui:\r\n<ul>\r\n \t<li>Disegnatore tecnico di strutture navali con garanzia assunzionale \u2014 iscrizioni aperte fino al 4 aprile<\/li>\r\n \t<li>Administration Manager \u2013 Contabile (per disoccupati under 35, con alternanza aula e stage) \u2014 iscrizioni fino al 23 aprile<\/li>\r\n \t<li>Administration Manager \u2013 Contabile (2\u00aa edizione) (per disoccupati under 35, con alternanza aula e stage) \u2014 iscrizioni fino al 23 aprile<\/li>\r\n \t<li>Sistemista e amministratore di reti informatiche (per disoccupati under 35, con alternanza aula e stage) \u2014 iscrizioni fino al 23 aprile<\/li>\r\n \t<li>Social Media Manager (per disoccupati under 35, con alternanza aula e stage) \u2014 iscrizioni fino al 23 aprile<\/li>\r\n \t<li>HR Manager \u2013 Esperto in gestione e amministrazione del personale (per disoccupati under 35, con alternanza aula e stage) \u2014 iscrizioni fino al 12 maggio<\/li>\r\n \t<li>Travel Social Manager \u2013 Operatore d\u2019agenzia viaggi con competenze social (per disoccupati under 35, con alternanza aula e stage) \u2014 iscrizioni fino al 12 maggio<\/li>\r\n<\/ul>\r\nOltre alla formazione, Forma Mentis opera come agenzia per il lavoro, offrendo servizi di orientamento, supporto all\u2019inserimento lavorativo e ricerca di personale qualificato.\r\n\r\nInfine, Forma Mentis si occupa anche del Programma GOL (Garanzia di occupabilit\u00e0 dei lavoratori), offrendo corsi di formazione finalizzati allo sviluppo delle competenze richieste dall\u2019evoluzione del mercato del lavoro. L\u2019obiettivo \u00e8 favorire il reinserimento lavorativo di persone di tutte le et\u00e0, individuando il settore pi\u00f9 adatto alle loro caratteristiche e rispondendo alle necessit\u00e0 espresse dal Centro per l\u2019impiego regionale di Chiavari. A breve, i corsi saranno disponibili anche nella sede di Sestri Levante.\r\n<blockquote>\u201cQuello di domani sar\u00e0 il primo di una serie di incontri che intendiamo promuovere a Sestri Levante, in collaborazione con questa realt\u00e0 genovese che offre ai giovani disoccupati opportunit\u00e0 formative gratuite, grazie all'ausilio dei bandi regionali, e la possibilit\u00e0 di avvicinarsi a professioni richieste dal mercato del lavoro. Come Amministrazione, crediamo che la formazione sia uno strumento fondamentale per costruire un futuro migliore per i nostri ragazzi. \u00c8 altrettanto importante garantire loro il supporto di personale qualificato, capace di orientarli e fornire consigli concreti per l\u2019ingresso nel mondo del lavoro. Per questo, stiamo lavorando affinch\u00e9 questi incontri diventino appuntamenti fissi e strutturati all\u2019interno del nostro territorio comunale\u201d, commenta il vicesindaco <strong>Sandro Muzio<\/strong>.<\/blockquote>\r\nPer maggiori informazioni 010.0986666 - 375.5058022 - didattica@formamentis.net","_dci_notizia_data_pubblicazione":"1742860800","_dci_notizia_data_scadenza":"","_dci_notizia_allegati":"","_wp_old_slug":"","_dci_notizia_luoghi":["3395"],"_dci_notizia_persone":["2088"],"_fgj2wp_old_id":"","_dci_notizia_numero_comunicato":"","_dci_notizia_multimedia":"","_links":{"self":[{"href":"https:\/\/www.comune.sestri-levante.ge.it\/api\/wp\/v2\/notizia\/46255","targetHints":{"allow":["GET"]}}],"collection":[{"href":"https:\/\/www.comune.sestri-levante.ge.it\/api\/wp\/v2\/notizia"}],"about":[{"href":"https:\/\/www.comune.sestri-levante.ge.it\/api\/wp\/v2\/types\/notizia"}],"author":[{"embeddable":true,"href":"https:\/\/www.comune.sestri-levante.ge.it\/api\/wp\/v2\/users\/7"}],"wp:attachment":[{"href":"https:\/\/www.comune.sestri-levante.ge.it\/api\/wp\/v2\/media?parent=46255"}],"wp:term":[{"taxonomy":"argomenti","embeddable":true,"href":"https:\/\/www.comune.sestri-levante.ge.it\/api\/wp\/v2\/argomenti?post=46255"},{"taxonomy":"tipi_notizia","embeddable":true,"href":"https:\/\/www.comune.sestri-levante.ge.it\/api\/wp\/v2\/tipi_notizia?post=46255"}],"curies":[{"name":"wp","href":"https:\/\/api.w.org\/{rel}","templated":true}]}}