{"id":46243,"date":"2025-03-24T12:41:52","date_gmt":"2025-03-24T10:41:52","guid":{"rendered":"https:\/\/www.comune.sestri-levante.ge.it\/?post_type=notizia&#038;p=46243"},"modified":"2025-03-28T13:53:46","modified_gmt":"2025-03-28T11:53:46","slug":"manutenzione-alle-gallerie-di-moneglia-prevista-la-chiusura-martedi-25-marzo","status":"publish","type":"notizia","link":"https:\/\/www.comune.sestri-levante.ge.it\/novita\/manutenzione-alle-gallerie-di-moneglia-prevista-la-chiusura-martedi-25-marzo\/","title":{"rendered":"Manutenzione alle Gallerie di Moneglia, chiusura fino a data da definirsi"},"author":7,"featured_media":0,"template":"","argomenti":[47],"tipi_notizia":[602],"class_list":["post-46243","notizia","type-notizia","status-publish","hentry","argomenti-polizia","tipi_notizia-avvisi"],"_edit_lock":"1743162683:7","_edit_last":"7","_dci_notizia_a_cura_di":["3348"],"_dci_notizia_immagine_id":"46262","_dci_notizia_immagine":"https:\/\/www.comune.sestri-levante.ge.it\/wp-content\/uploads\/2025\/03\/Moneglia.jpeg","_dci_notizia_descrizione_breve":"A causa di imprevisti emersi durante i lavori di manutenzione","_dci_notizia_testo_completo":"<div class=\"xdj266r x11i5rnm xat24cr x1mh8g0r x1vvkbs x126k92a\">\r\n<div dir=\"auto\">AGGIONRAMENTO 28\/03\/2025<\/div>\r\n<div dir=\"auto\">\r\n\r\nCon ordinanza N. 12\/2025 del Sindaco \u00e8 stato interdetto il traffico veicolare, compresi mezzi di soccorso e di Polizia, il tratto di strada compreso fra Loc. Vallegrande e Loc. Ren\u00e0 (via Ponzerone) a data da definirsi previa verifica delle condizioni di sicurezza.\r\n\r\nDurante l\u2019esecuzione dei lavori nella giornata di marted\u00ec 25 marzo sono emerse delle criticit\u00e0 strutturali che hanno necessitato il protrarsi della chiusura finalizzata alla valutazione della staticit\u00e0 dalla volta di alcuni tratti di gallerie ricadenti sul territorio di entrambi i Comuni.\r\n\r\nLa decisione \u00e8 stata adottata in seguito alla segnalazione del settore Lavori Pubblici-Patrimonio del Comune di Moneglia e dopo aver acquisito i pareri tecnici degli uffici competenti di entrambi i Comuni. Tali pareri hanno evidenziato la necessit\u00e0 di interdire il traffico veicolare \u2013 compresi i mezzi di soccorso \u2013 nel tratto da Loc. Secca a Loc. Vallegrande, nel territorio di Moneglia, e da Loc. Vallegrande a Loc. Ren\u00e0 (via Ponzerone), nel territorio di Sestri Levante, per garantire la pubblica incolumit\u00e0 a fronte delle criticit\u00e0 riscontrate.\r\n\r\n<\/div>\r\n<div dir=\"auto\">\u2014\u2014\u2014\u2014\u2014\u2014\u2014\u2014<\/div>\r\n<div dir=\"auto\"><strong>AGGIORNAMENTO 27\/03\/2025\u00a0<\/strong><\/div>\r\n<div dir=\"auto\"><\/div>\r\n<div dir=\"auto\">A causa di imprevisti emersi durante i lavori di manutenzione, la strada delle gallerie per Moneglia rester\u00e0 chiusa sull\u2019intera tratta fino a nuova comunicazione.<\/div>\r\n<div dir=\"auto\"><\/div>\r\n<div dir=\"auto\">Divieto di transito anche per mezzi di soccorso e di polizia.<\/div>\r\n<div dir=\"auto\">\u2014\u2014\u2014\u2014\u2014\u2014\u2014\u2014\r\nChiusura al traffico veicolare della Strada delle Gallerie di Moneglia per lavori di manutenzione dell'impianto di illuminazione, del fondo stradale e verifica della staticit\u00e0 delle gallerie dalle ore 9 alle ore 18 di marted\u00ec 25 marzo.<\/div>\r\n<\/div>\r\n<div class=\"x11i5rnm xat24cr x1mh8g0r x1vvkbs xtlvy1s x126k92a\">\r\n<div dir=\"auto\">Il transito sar\u00e0 garantito esclusivamente ai mezzi di soccorso e di polizia in emergenza in entrambi i sensi di marcia.<\/div>\r\n<\/div>","_dci_notizia_data_pubblicazione":"1742947200","_dci_notizia_data_scadenza":"","_dci_notizia_allegati":"","_wp_old_slug":"","_dci_notizia_luoghi":"","_dci_notizia_persone":"","_fgj2wp_old_id":"","_dci_notizia_numero_comunicato":"","_dci_notizia_multimedia":"","_links":{"self":[{"href":"https:\/\/www.comune.sestri-levante.ge.it\/api\/wp\/v2\/notizia\/46243","targetHints":{"allow":["GET"]}}],"collection":[{"href":"https:\/\/www.comune.sestri-levante.ge.it\/api\/wp\/v2\/notizia"}],"about":[{"href":"https:\/\/www.comune.sestri-levante.ge.it\/api\/wp\/v2\/types\/notizia"}],"author":[{"embeddable":true,"href":"https:\/\/www.comune.sestri-levante.ge.it\/api\/wp\/v2\/users\/7"}],"wp:attachment":[{"href":"https:\/\/www.comune.sestri-levante.ge.it\/api\/wp\/v2\/media?parent=46243"}],"wp:term":[{"taxonomy":"argomenti","embeddable":true,"href":"https:\/\/www.comune.sestri-levante.ge.it\/api\/wp\/v2\/argomenti?post=46243"},{"taxonomy":"tipi_notizia","embeddable":true,"href":"https:\/\/www.comune.sestri-levante.ge.it\/api\/wp\/v2\/tipi_notizia?post=46243"}],"curies":[{"name":"wp","href":"https:\/\/api.w.org\/{rel}","templated":true}]}}